{"id":5944,"date":"2021-03-04T11:46:27","date_gmt":"2021-03-04T10:46:27","guid":{"rendered":"http:\/\/fundacjawsparcie.eu\/?p=5944"},"modified":"2021-04-22T12:39:30","modified_gmt":"2021-04-22T10:39:30","slug":"uslugi-specjalistyczne-dla-osob-z-demencja","status":"publish","type":"post","link":"https:\/\/fundacjawsparcie.eu\/index.php\/2021\/03\/04\/uslugi-specjalistyczne-dla-osob-z-demencja\/","title":{"rendered":"Us\u0142ugi specjalistyczne dla os\u00f3b z demencj\u0105"},"content":{"rendered":"<h4 style=\"text-align: justify;\"><span style=\"font-family: georgia, palatino, serif;\"><span style=\"color: #003366;\">Fundacja Wsparcie rozpocz\u0119\u0142a \u015bwiadczenie us\u0142ug specjalistycznych dla os\u00f3b z chorob\u0105 Alzheimera <\/span><span style=\"color: #003366;\">i innymi zespo\u0142ami ot\u0119piennymi <\/span><\/span><span style=\"font-family: georgia, palatino, serif; color: #003366;\">w \u015brodowisku domowym. Us\u0142ugi realizowane s\u0105 przez przeszkolonych specjalist\u00f3w z wieloletnim\u00a0 do\u015bwiadczeniem w pracy &#8222;domowej&#8221; z osob\u0105 z demencj\u0105 oraz rodzin\u0105. <\/span><\/h4>\n<h4 style=\"text-align: justify;\"><span style=\"font-family: georgia, palatino, serif; color: #003366;\">Terapeuci prowadz\u0105 dzia\u0142ania wspieraj\u0105ce, aktywizuj\u0105ce, terapeutyczne dla os\u00f3b starszych z chorobami ot\u0119piennymi, pomagaj\u0105 r\u00f3wnie\u017c rodzinie w organizacji opieki.<\/span><\/h4>\n<h4><!--more--><\/h4>\n<ul>\n<li>\n<h4><span style=\"font-family: georgia, palatino, serif;\"><span style=\"color: #003366;\">Terapeut\u00f3w wspieraj\u0105 specjali\u015bci: pracownik socjalny, koordynator opieki geriatrycznej, psycholog, neuropsycholog.<\/span><span style=\"color: #003366;\"><br \/>\nIlo\u015b\u0107 godzin dostosowana do potrzeb i mo\u017cliwo\u015bci rodziny.<\/span><\/span><\/h4>\n<h4><span style=\"font-family: georgia, palatino, serif; color: #003366;\">Wej\u015bcie terapeuty w \u015brodowisko poprzedza wizyta koordynatora opieki geriatrycznej (bezp\u0142atna).<\/span><\/h4>\n<\/li>\n<li style=\"text-align: justify;\">\n<h4><strong><span style=\"font-family: georgia, palatino, serif; color: #003366;\">Cennik:<\/span><\/strong><\/h4>\n<h4><span style=\"font-family: georgia, palatino, serif; color: #003366;\">-terapeuta 60,00 z\u0142\/godz.<\/span><\/h4>\n<h4><span style=\"font-family: georgia, palatino, serif; color: #003366;\">-pracownik socjalny, koordynator opieki geriatrycznej 60,00 z\u0142\/godz.<\/span><\/h4>\n<h4><span style=\"font-family: georgia, palatino, serif; color: #003366;\">-psycholog 75 z\u0142\/ godz.<\/span><\/h4>\n<h4><span style=\"font-family: georgia, palatino, serif; color: #003366;\">-neuropsycholog 100 z\u0142. \/godz.<\/span><\/h4>\n<\/li>\n<li style=\"text-align: justify;\">\n<h4><strong><span style=\"font-family: georgia, palatino, serif; color: #003366;\">Osoby zainteresowane zapraszamy do kontaktu:<\/span><\/strong><\/h4>\n<h4><span style=\"font-family: georgia, palatino, serif; color: #003366;\">Agata Anusiewicz tel: 501 823 644<\/span><\/h4>\n<h4><span style=\"font-family: georgia, palatino, serif; color: #003366;\">e-mail:\u00a0<a style=\"color: #003366;\" tabindex=\"-1\" href=\"mailto:fundacjawsparcie@os.pl\" target=\"_blank\" rel=\"external nofollow noopener noreferrer\">fundacjawsparcie@os.pl<\/a><\/span><\/h4>\n<\/li>\n<\/ul>\n","protected":false},"excerpt":{"rendered":"<p>Fundacja Wsparcie rozpocz\u0119\u0142a \u015bwiadczenie us\u0142ug specjalistycznych dla os\u00f3b z chorob\u0105 Alzheimera i innymi zespo\u0142ami ot\u0119piennymi w \u015brodowisku domowym. Us\u0142ugi realizowane s\u0105 przez przeszkolonych specjalist\u00f3w z wieloletnim\u00a0 do\u015bwiadczeniem w pracy &#8222;domowej&#8221; z osob\u0105 z demencj\u0105 oraz rodzin\u0105. Terapeuci prowadz\u0105 dzia\u0142ania wspieraj\u0105ce, aktywizuj\u0105ce, terapeutyczne dla os\u00f3b starszych z chorobami ot\u0119piennymi, pomagaj\u0105 r\u00f3wnie\u017c rodzinie w organizacji opieki.<\/p>\n","protected":false},"author":1,"featured_media":5946,"comment_status":"open","ping_status":"closed","sticky":false,"template":"","format":"standard","meta":{"footnotes":""},"categories":[79],"tags":[81,80,46],"class_list":["post-5944","post","type-post","status-publish","format-standard","has-post-thumbnail","hentry","category-uslugi-specjalistyczne","tag-alzheimer","tag-demencja","tag-zajecia-terapeutyczne"],"blocksy_meta":{"styles_descriptor":{"styles":{"desktop":"","tablet":"","mobile":""},"google_fonts":[],"version":6}},"brizy_media":[],"_links":{"self":[{"href":"https:\/\/fundacjawsparcie.eu\/index.php\/wp-json\/wp\/v2\/posts\/5944","targetHints":{"allow":["GET"]}}],"collection":[{"href":"https:\/\/fundacjawsparcie.eu\/index.php\/wp-json\/wp\/v2\/posts"}],"about":[{"href":"https:\/\/fundacjawsparcie.eu\/index.php\/wp-json\/wp\/v2\/types\/post"}],"author":[{"embeddable":true,"href":"https:\/\/fundacjawsparcie.eu\/index.php\/wp-json\/wp\/v2\/users\/1"}],"replies":[{"embeddable":true,"href":"https:\/\/fundacjawsparcie.eu\/index.php\/wp-json\/wp\/v2\/comments?post=5944"}],"version-history":[{"count":11,"href":"https:\/\/fundacjawsparcie.eu\/index.php\/wp-json\/wp\/v2\/posts\/5944\/revisions"}],"predecessor-version":[{"id":5989,"href":"https:\/\/fundacjawsparcie.eu\/index.php\/wp-json\/wp\/v2\/posts\/5944\/revisions\/5989"}],"wp:featuredmedia":[{"embeddable":true,"href":"https:\/\/fundacjawsparcie.eu\/index.php\/wp-json\/wp\/v2\/media\/5946"}],"wp:attachment":[{"href":"https:\/\/fundacjawsparcie.eu\/index.php\/wp-json\/wp\/v2\/media?parent=5944"}],"wp:term":[{"taxonomy":"category","embeddable":true,"href":"https:\/\/fundacjawsparcie.eu\/index.php\/wp-json\/wp\/v2\/categories?post=5944"},{"taxonomy":"post_tag","embeddable":true,"href":"https:\/\/fundacjawsparcie.eu\/index.php\/wp-json\/wp\/v2\/tags?post=5944"}],"curies":[{"name":"wp","href":"https:\/\/api.w.org\/{rel}","templated":true}]}}