{"id":5845,"date":"2021-02-01T14:07:20","date_gmt":"2021-02-01T13:07:20","guid":{"rendered":"http:\/\/fundacjawsparcie.eu\/?p=5845"},"modified":"2021-03-04T21:43:55","modified_gmt":"2021-03-04T20:43:55","slug":"wawerski-osrodek-wsparcia","status":"publish","type":"post","link":"https:\/\/fundacjawsparcie.eu\/index.php\/2021\/02\/01\/wawerski-osrodek-wsparcia\/","title":{"rendered":"Wawerski O\u015brodek Wsparcia"},"content":{"rendered":"<h4 style=\"text-align: left;\"><span style=\"color: #003366; font-family: georgia, palatino, serif;\">Serdecznie zapraszamy mieszka\u0144c\u00f3w dzielnicy Wawer m. st. Warszawy\u00a0 do udzia\u0142u: w zaj\u0119ciach terapii zaj\u0119ciowej\u00a0 osoby z zaburzeniami ot\u0119piennymi oraz do indywidualnych konsultacji z neuropsychologiem opiekun\u00f3w os\u00f3b borykaj\u0105cych si\u0119 z chorob\u0105 Alzheimera lub innymi formami demencji. <\/span><\/h4>\n<h4 style=\"text-align: left;\"><span style=\"font-family: georgia, palatino, serif;\"><span style=\"color: #003366;\">Zaj\u0119cia organizowane w ramach wsp\u00f3\u0142pracy z O\u015brodkiem Pomocy Spo\u0142ecznej Dzielnicy Wawer .<\/span><!--more--><\/span><\/h4>\n<h4><\/h4>\n<p>&nbsp;<\/p>\n<ul>\n<li><strong><span style=\"color: #003366; font-family: georgia, palatino, serif;\">BEZP\u0141ATNE ZAJ\u0118CIA TERAPII ZAJ\u0118CIOWEJ DLA OS\u00d3B Z ZABURZENIAMI OT\u0118PIENNYMI<\/span><\/strong><\/li>\n<\/ul>\n<h4><span style=\"color: #003366; font-family: georgia, palatino, serif;\">Zapraszamy na zaj\u0119cia prowadzone przez <a class=\"_58cn\" style=\"color: #003366;\" href=\"https:\/\/www.facebook.com\/hashtag\/fundacjawsparcie?__eep__=6&amp;source=feed_text&amp;epa=HASHTAG&amp;__xts__%5B0%5D=68.ARAoL-iuozWADzmXkBz8TbAEPZptp2HCZgyjswxi8LIGNG28KqcVofnDBC4FRSkZicVS0Czm1XBGW-0JHMj9Jm6jj1u_HZFGuqwfMgopx7p71K82dG-SeaJiHt4FOAQ_EaHi49hjYjEYy1J5BJJcvUTLqnW9kSIgVF6bX3wcqkYzNNVOnr198X5aktPvfDpJYXCuCwLCp3Fr43wmcA4eddbi6FjJKVs596UH2L8iwlC_3zRUjc5VXV56I5zIUvWSCnVOlpF9FAUXSDGl-ZeQ-fk-Fpu6_uoA4oLQdl-dDLWMz8Z8FmISX64D5iNvD2SfiHnphpR666V7XgIQ3OsKXOo&amp;__tn__=%2ANK-R\" data-ft=\"{&quot;type&quot;:104,&quot;tn&quot;:&quot;*N&quot;}\"><span class=\"_5afx\"><span class=\"_58cm\">FundacjaWsparcie<\/span><\/span><\/a>\u00a0w ramach Wawerskiego O\u015brodka Wsparcia.<\/span><\/h4>\n<h4><span style=\"color: #003366; font-family: georgia, palatino, serif;\">Ze wzgl\u0119du na zachowanie ostro\u017cno\u015bci i bezpiecze\u0144stwa w czasie pandemii <\/span><\/h4>\n<h4><span style=\"color: #003366; font-family: georgia, palatino, serif;\">-zaj\u0119cia prowadzone indywidualnie poza Wawerskim O\u015brodkiem Wsparcie,\u00a0<\/span><\/h4>\n<h4><span style=\"color: #003366; font-family: georgia, palatino, serif;\">\u00a0 -w miejscu zamieszkania chorego <\/span><\/h4>\n<h4><span style=\"color: #003366; font-family: georgia, palatino, serif;\">&#8211; w klubie Fundacji ul. Ko\u015bciuszkowc\u00f3w 80,<\/span><\/h4>\n<div class=\"text_exposed_show\">\n<h4><span style=\"color: #003366; font-family: georgia, palatino, serif;\">Zaj\u0119cia dopasowane s\u0105 do potrzeb os\u00f3b chorych, ich opiekun\u00f3w oraz mo\u017cliwo\u015bci prowadz\u0105cych terapeut\u00f3w.<\/span><\/h4>\n<h4><span style=\"color: #003366; font-family: georgia, palatino, serif;\">Dzia\u0142ania realizowane s\u0105 w: \u015brody w godzinach 13:00 &#8211; 19:00.<\/span><\/h4>\n<h4><span style=\"color: #003366; font-family: georgia, palatino, serif;\">Wszelkich informacji udziela <span class=\"_5afx\"><span class=\"_58cl _5afz\" aria-label=\"znacznik #\">#<\/span><span class=\"_58cm\">FundacjaWsparcie<\/span><\/span><\/span><br \/>\n<span style=\"color: #003366; font-family: georgia, palatino, serif;\">tel: 501 823 644<\/span><br \/>\n<span style=\"color: #003366; font-family: georgia, palatino, serif;\">e-mail: fundacjawsparcie@os.pl.<\/span><\/h4>\n<p>&nbsp;<\/p>\n<ul>\n<li><strong><span style=\"color: #003366; font-family: georgia, palatino, serif;\">BEZP\u0141ATNE INDYWIDUALNE KONSULTACJE Z NEUROPSYCHOLOGIEM\u00a0 DLA OPIEKUN\u00d3W OS\u00d3B Z ZABURZENIAMI OT\u0118PIENNYMI<\/span><\/strong><\/li>\n<\/ul>\n<h4><span style=\"color: #003366; font-family: georgia, palatino, serif;\">-spotkania odbywaj\u0105 si\u0119 w Wawerskim O\u015brodku Wsparcia ul. \u017bega\u0144ska 2c, w ka\u017cd\u0105 \u015brod\u0119 po wcze\u015bniejszym um\u00f3wieniu,<\/span><\/h4>\n<h4><span style=\"color: #003366; font-family: georgia, palatino, serif;\">-lub\u00a0 telefoniczne w godz: 16.00-18.00 po wcze\u015bniejszym um\u00f3wieniu.<\/span><\/h4>\n<h4><span style=\"color: #003366; font-family: georgia, palatino, serif;\">Zapisy: Wawerski O\u015brodek Wsparcia ul. \u017bega\u0144ska 2 c tel; 515 911 857<\/span><\/h4>\n<p>[WRGF id=5937]<\/p>\n<\/div>\n","protected":false},"excerpt":{"rendered":"<p>Serdecznie zapraszamy mieszka\u0144c\u00f3w dzielnicy Wawer m. st. Warszawy\u00a0 do udzia\u0142u: w zaj\u0119ciach terapii zaj\u0119ciowej\u00a0 osoby z zaburzeniami ot\u0119piennymi oraz do indywidualnych konsultacji z neuropsychologiem opiekun\u00f3w os\u00f3b borykaj\u0105cych si\u0119 z chorob\u0105 Alzheimera lub innymi formami demencji. Zaj\u0119cia organizowane w ramach wsp\u00f3\u0142pracy z O\u015brodkiem Pomocy Spo\u0142ecznej Dzielnicy Wawer .<\/p>\n","protected":false},"author":1,"featured_media":5901,"comment_status":"open","ping_status":"closed","sticky":false,"template":"","format":"standard","meta":{"footnotes":""},"categories":[62],"tags":[45,66,46],"class_list":["post-5845","post","type-post","status-publish","format-standard","has-post-thumbnail","hentry","category-wspolpraca","tag-grupa-wsparcia","tag-wawer","tag-zajecia-terapeutyczne"],"blocksy_meta":{"styles_descriptor":{"styles":{"desktop":"","tablet":"","mobile":""},"google_fonts":[],"version":6}},"brizy_media":[],"_links":{"self":[{"href":"https:\/\/fundacjawsparcie.eu\/index.php\/wp-json\/wp\/v2\/posts\/5845","targetHints":{"allow":["GET"]}}],"collection":[{"href":"https:\/\/fundacjawsparcie.eu\/index.php\/wp-json\/wp\/v2\/posts"}],"about":[{"href":"https:\/\/fundacjawsparcie.eu\/index.php\/wp-json\/wp\/v2\/types\/post"}],"author":[{"embeddable":true,"href":"https:\/\/fundacjawsparcie.eu\/index.php\/wp-json\/wp\/v2\/users\/1"}],"replies":[{"embeddable":true,"href":"https:\/\/fundacjawsparcie.eu\/index.php\/wp-json\/wp\/v2\/comments?post=5845"}],"version-history":[{"count":23,"href":"https:\/\/fundacjawsparcie.eu\/index.php\/wp-json\/wp\/v2\/posts\/5845\/revisions"}],"predecessor-version":[{"id":6574,"href":"https:\/\/fundacjawsparcie.eu\/index.php\/wp-json\/wp\/v2\/posts\/5845\/revisions\/6574"}],"wp:featuredmedia":[{"embeddable":true,"href":"https:\/\/fundacjawsparcie.eu\/index.php\/wp-json\/wp\/v2\/media\/5901"}],"wp:attachment":[{"href":"https:\/\/fundacjawsparcie.eu\/index.php\/wp-json\/wp\/v2\/media?parent=5845"}],"wp:term":[{"taxonomy":"category","embeddable":true,"href":"https:\/\/fundacjawsparcie.eu\/index.php\/wp-json\/wp\/v2\/categories?post=5845"},{"taxonomy":"post_tag","embeddable":true,"href":"https:\/\/fundacjawsparcie.eu\/index.php\/wp-json\/wp\/v2\/tags?post=5845"}],"curies":[{"name":"wp","href":"https:\/\/api.w.org\/{rel}","templated":true}]}}