{"id":5810,"date":"2020-04-17T18:00:33","date_gmt":"2020-04-17T16:00:33","guid":{"rendered":"http:\/\/fundacjawsparcie.eu\/?p=5810"},"modified":"2021-03-05T12:04:49","modified_gmt":"2021-03-05T11:04:49","slug":"przywrocic-do-swiata-asystent-rodzin-zyjacych-z-demencja-praga-poludnie","status":"publish","type":"post","link":"https:\/\/fundacjawsparcie.eu\/index.php\/2020\/04\/17\/przywrocic-do-swiata-asystent-rodzin-zyjacych-z-demencja-praga-poludnie\/","title":{"rendered":"&#8222;Przywr\u00f3ci\u0107 do \u015bwiata &#8211; asystent rodzin \u017cyj\u0105cych z demencja&#8221; Praga Po\u0142udnie"},"content":{"rendered":"<h4><span style=\"font-family: georgia, palatino, serif; color: #003366;\"><strong>Fundacja Wsparcie serdecznie zaprasza rodziny os\u00f3b starszych, cierpi\u0105cych na zaburzenia poznawcze i zespo\u0142y ot\u0119pienne do skorzystania z bezp\u0142atnej pomocy terapeuty \u015bwiadczonej w domu chorego, na dzielnicy Praga Po\u0142udnie.\u00a0<\/strong><\/span><\/h4>\n<h4><span style=\"font-family: georgia, palatino, serif; color: #003366;\"><strong>Skontaktuj si\u0119 z nami : (48) 501 823 644 lub fundacjawsparcie@os.pl<\/strong><!--more--><\/span><\/h4>\n<ul>\n<li style=\"text-align: justify;\">\n<h4><span style=\"font-family: georgia, palatino, serif; color: #003366;\"><strong>\u201ePrzywr\u00f3ci\u0107 do \u015bwiata &#8211; asystent rodzin \u017cyj\u0105cych z demencj\u0105\u201d<\/strong> jest projektem skierowanym do os\u00f3b starszych, niesamodzielnych z powodu zaburze\u0144 poznawczych lub zespo\u0142\u00f3w ot\u0119piennych oraz ich nieformalnych opiekun\u00f3w, realizowanym w naturalnym \u015brodowisku osoby chorej.<\/span><\/h4>\n<\/li>\n<li style=\"text-align: justify;\">\n<h4><span style=\"font-family: georgia, palatino, serif; color: #003366;\"><strong>Celem projektu jest<\/strong> wzrost jako\u015bci \u017cycia rodzin w kt\u00f3rych wyst\u0119puj\u0105 zaburzenia poznawcze lub zespo\u0142y ot\u0119pienne.<\/span><\/h4>\n<\/li>\n<li style=\"text-align: justify;\">\n<h4><span style=\"font-family: georgia, palatino, serif; color: #003366;\"><strong>Asystent rodzin \u017cyj\u0105cych z demencj\u0105<\/strong> to wyszkolony przez nas specjalista w obszarze pracy z osobami cierpi\u0105cymi na demencje\u0328: psycholog, pedagog, pracownik socjalny lub terapeuta zaj\u0119ciowy. Ka\u017cdy z naszych specjalist\u00f3w posiada kilkuletnie do\u015bwiadczenie w pracy z chorymi.\u00a0 Asystenci b\u0119d\u0105\u0328 pracowali pod superwizja\u0328 i przy sta\u0142ym wsparciu koordynatora projektu, wykorzystuj\u0105c specjalistyczne narz\u0119dzia terapeutyczne do pracy z chorym na\u00a0 demencj\u0119 i jego rodzin\u0105.<\/span><\/h4>\n<\/li>\n<li style=\"text-align: justify;\">\n<h4><span style=\"font-family: georgia, palatino, serif; color: #003366;\"><strong>Praca asystenta odbywa si\u0119 w \u015brodowisku rodziny,<\/strong> w kt\u00f3rej wyst\u0119puj\u0105 zaburzenia poznawcze lub\/i zespo\u0142y ot\u0119pienne. Ka\u017cda z rodzin obj\u0119tych projektem mo\u017ce wykorzysta\u0107 do 80 h wsparcia asystenta w okresie od lipca do listopada 2020 r. Cz\u0119stotliwo\u015b\u0107 i czas trwania spotkania ustalany jest indywidualnie z rodzin\u0105, przy czym z perspektywy realizacji cel\u00f3w projektu wa\u017cne jest dla nas by spotkania odbywa\u0142y si\u0119 regularnie, np. raz w tygodniu. W ramach projektu rodziny mog\u0105 skorzysta\u0107 r\u00f3wnie\u017c z dodatkowego wsparcia specjalistycznego, w zale\u017cno\u015bci od potrzeb: koordynatora opieki geriatrycznej, pracownika socjalnego oraz neuropsychologa.<\/span><\/h4>\n<\/li>\n<li style=\"text-align: justify;\">\n<h4><span style=\"font-family: georgia, palatino, serif; color: #003366;\">Do zada\u0144 asystenta b\u0119dzie nale\u017ca\u0142a indywidualna praca z osoba\u0328 chora\u0328 (trening pami\u0119ci, terapia multisensoryczna, terapia reminiscencyjna, trening orientacji w rzeczywisto\u015bci, muzykoterapia, zaj\u0119cia plastyczne, trening codziennych czynno\u015bci) oraz indywidualna praca z bezpo\u015brednim opiekunem (m.in. oddzia\u0142ywania wspieraj\u0105ce, edukacyjne, szkolenie modeluj\u0105ce prace\u0328 z chorym, informacyjne, motywuj\u0105ce, aktywizuj\u0105ce, opieka wytchnieniowa)<\/span><\/h4>\n<\/li>\n<li style=\"text-align: justify;\">\n<h4><span style=\"font-family: georgia, palatino, serif; color: #003366;\">Asystent b\u0119dzie wspiera\u0142 rodzin\u0119 w rozwi\u0105zywaniu problem\u00f3w opieku\u0144czych, psychologicznych, socjalnych, przy wsp\u00f3\u0142pracy z zespo\u0142em Fundacji i w\u0142a\u015bciwymi Instytucjami dzia\u0142aj\u0105cymi na rzecz rodziny.<\/span><\/h4>\n<\/li>\n<li>\n<h4><span style=\"font-family: georgia, palatino, serif; color: #003366;\"><strong>Rekrutacja rodzin do projektu: <\/strong>Do projektu zapraszamy rodziny sprawuj\u0105ce opiek\u0119 nad osob\u0105 starsz\u0105, niesamodzieln\u0105 z powodu zaburze\u0144 poznawczych lub zespo\u0142\u00f3w ot\u0119piennych, zamieszkuj\u0105ce na terenie dzielnicy Praga-Po\u0142udnie.<\/span><\/h4>\n<\/li>\n<li>\n<h4><span style=\"font-family: georgia, palatino, serif; color: #003366;\"><strong>Kryteria formalne: <\/strong>&#8211; zamieszkiwanie chorego\/sprawowanie opieki nad chorym na terenie dzielnicy Praga &#8211; Po\u0142udnie, &#8211; wyst\u0119powanie zaburze\u0144 poznawczych lub\/i zespo\u0142\u00f3w ot\u0119piennych, &#8211; wiek 60 + przynajmniej jednego z cz\u0142onk\u00f3w rodziny uczestnik\u00f3w projektu (chorego lub opiekuna)<\/span><\/h4>\n<\/li>\n<li>\n<h4><span style=\"font-family: georgia, palatino, serif; color: #003366;\">Pierwsze\u0144stwo udzia\u0142u w projekcie maj\u0105: &#8211; rodziny w trudnej sytuacji: ze wzgl\u0119du na stan zdrowia opiekuna, zaawansowanie lub burzliwy przebieg zaburze\u0144 ot\u0119piennych chorego, ub\u00f3stwo, &#8211; starsze bezdzietne ma\u0142\u017ce\u0144stwa, &#8211; diady chory-opiekun osamotnione lub izolowane w rodzinie, &#8211; rodziny niekorzystaj\u0105ce wcze\u015bniej z podobnych form wsparcia [opieka wytchnieniowa, wsparcie medyczno-spo\u0142eczne, socjalne, opieku\u0144cze dla pacjent\u00f3w z zespo\u0142ami ot\u0119piennymi i dla ich rodzinnych opiekun\u00f3w];, &#8211; niekorzystaj\u0105ce z us\u0142ug opieku\u0144czych lub specjalistycznych us\u0142ug opieku\u0144czych;<\/span><\/h4>\n<\/li>\n<li>\n<h4><span style=\"font-family: georgia, palatino, serif; color: #003366;\">Warunkiem koniecznym do skorzystania z oferty jest zgoda i gotowo\u015b\u0107 opiekuna do spotka\u0144 z asystentem, wsp\u00f3lne zamieszkiwanie opiekuna i chorego oraz zdolno\u015b\u0107 chorego do udzia\u0142u w zaj\u0119ciach z asystentem. Nie wymagamy formalnej diagnozy medycznej chorego.<\/span><\/h4>\n<\/li>\n<li>\n<h4><span style=\"font-family: georgia, palatino, serif; color: #003366;\"><strong>Zasady bezpiecznego kontaktu <\/strong>W zwi\u0105zku z trwaj\u0105c\u0105 epidemi\u0105 Sars-CoV-2 projekt asystenta realizowany b\u0119dzie zgodnie z nast\u0119puj\u0105cymi zasadami bezpiecze\u0144stwa:<\/span><\/h4>\n<\/li>\n<li>\n<h4><span style=\"font-family: georgia, palatino, serif; color: #003366;\">Rekrutacja do projektu odbywa si\u0119 zdalnie, za po\u015brednictwem telefonu, skype, zoom lub innego narz\u0119dzia komunikacji, ustalonego z rodzin\u0105. Z rodzin\u0105 zg\u0142oszon\u0105 do projektu kontaktuje si\u0119 koordynator opieki geriatrycznej, a nast\u0119pnie neuropsycholog.<\/span><\/h4>\n<\/li>\n<li>\n<h4><span style=\"font-family: georgia, palatino, serif; color: #003366;\">Asystent jest jedynym pracownikiem Fundacji, kt\u00f3ry pozostaje w bezpo\u015brednim kontakcie z rodzin\u0105. Pozostali specjali\u015bci,o ile to mo\u017cliwe, kontaktuj\u0105 si\u0119 z rodzin\u0105 zdalnie, za po\u015brednictwem telefonu, skype, zoom lub innego narz\u0119dzia komunikacji ustalonego z rodzin\u0105.<\/span><\/h4>\n<\/li>\n<li>\n<h4><span style=\"font-family: georgia, palatino, serif; color: #003366;\">Do roli asystent\u00f3w zaproszeni zostali terapeuci niepracuj\u0105cy na co dzie\u0144 w plac\u00f3wkach ochrony zdrowia.<\/span><\/h4>\n<\/li>\n<li>\n<h4><span style=\"font-family: georgia, palatino, serif; color: #003366;\">Asystent pracuje z rodzin\u0105 przy zachowaniu nast\u0119puj\u0105cych \u015brodk\u00f3w bezpiecze\u0144stwa: &#8211; przed wej\u015bciem: mierzy sobie temperatur\u0119 (i jej warto\u015b\u0107 odnotowuje w karcie pracy), dezynfekuje r\u0119ce, zak\u0142ada r\u0119kawiczki i maseczk\u0119 ochronn\u0105;- w trakcie wizyty asystent obligatoryjnie pracuje w maseczce ochronnej i r\u0119kawiczkach;- po wyj\u015bciu asystent dezynfekuje wszystkie narz\u0119dzia terapeutyczne z kt\u00f3rymi uda\u0142 si\u0119 do rodziny.<\/span><\/h4>\n<\/li>\n<li>\n<h4><span style=\"font-family: georgia, palatino, serif; color: #003366;\">Asystent dostarcza rodzinie \u015brodki ochrony osobistej: maseczki, r\u0119kawiczki oraz p\u0142yn do dezynfekcji.<\/span><\/h4>\n<\/li>\n<li>\n<h4><span style=\"font-family: georgia, palatino, serif;\"><span style=\"color: #003366;\"><span style=\"font-family: georgia, palatino, serif;\">Z uwagi na trwaj\u0105c\u0105 epidemi\u0119 dodatkowym zadaniem asystenta jest edukacja chorego dot. bezpiecznych zachowa\u0144 w trakcie trwania epidemii przy wykorzystaniu dostarczonych do tego narz\u0119dzi terapeutycznych i \u015brodk\u00f3w ochrony osobistej a tak\u017ce edukacja i modelowanie bezpiecznych zachowa\u0144\u00a0 jego rodziny<\/span>.<\/span><\/span><\/h4>\n<\/li>\n<\/ul>\n<ol start=\"5\">\n<li>[WRGF id=5982]<\/li>\n<\/ol>\n","protected":false},"excerpt":{"rendered":"<p>Fundacja Wsparcie serdecznie zaprasza rodziny os\u00f3b starszych, cierpi\u0105cych na zaburzenia poznawcze i zespo\u0142y ot\u0119pienne do skorzystania z bezp\u0142atnej pomocy terapeuty \u015bwiadczonej w domu chorego, na dzielnicy Praga Po\u0142udnie.\u00a0 Skontaktuj si\u0119 z nami : (48) 501 823 644 lub fundacjawsparcie@os.pl<\/p>\n","protected":false},"author":1,"featured_media":5962,"comment_status":"open","ping_status":"closed","sticky":false,"template":"","format":"standard","meta":{"footnotes":""},"categories":[3],"tags":[65,73],"class_list":["post-5810","post","type-post","status-publish","format-standard","has-post-thumbnail","hentry","category-projekty","tag-asystent-rodzin-zyjacych-z-demencja","tag-praga-poludnie"],"blocksy_meta":{"styles_descriptor":{"styles":{"desktop":"","tablet":"","mobile":""},"google_fonts":[],"version":6}},"brizy_media":[],"_links":{"self":[{"href":"https:\/\/fundacjawsparcie.eu\/index.php\/wp-json\/wp\/v2\/posts\/5810","targetHints":{"allow":["GET"]}}],"collection":[{"href":"https:\/\/fundacjawsparcie.eu\/index.php\/wp-json\/wp\/v2\/posts"}],"about":[{"href":"https:\/\/fundacjawsparcie.eu\/index.php\/wp-json\/wp\/v2\/types\/post"}],"author":[{"embeddable":true,"href":"https:\/\/fundacjawsparcie.eu\/index.php\/wp-json\/wp\/v2\/users\/1"}],"replies":[{"embeddable":true,"href":"https:\/\/fundacjawsparcie.eu\/index.php\/wp-json\/wp\/v2\/comments?post=5810"}],"version-history":[{"count":20,"href":"https:\/\/fundacjawsparcie.eu\/index.php\/wp-json\/wp\/v2\/posts\/5810\/revisions"}],"predecessor-version":[{"id":5997,"href":"https:\/\/fundacjawsparcie.eu\/index.php\/wp-json\/wp\/v2\/posts\/5810\/revisions\/5997"}],"wp:featuredmedia":[{"embeddable":true,"href":"https:\/\/fundacjawsparcie.eu\/index.php\/wp-json\/wp\/v2\/media\/5962"}],"wp:attachment":[{"href":"https:\/\/fundacjawsparcie.eu\/index.php\/wp-json\/wp\/v2\/media?parent=5810"}],"wp:term":[{"taxonomy":"category","embeddable":true,"href":"https:\/\/fundacjawsparcie.eu\/index.php\/wp-json\/wp\/v2\/categories?post=5810"},{"taxonomy":"post_tag","embeddable":true,"href":"https:\/\/fundacjawsparcie.eu\/index.php\/wp-json\/wp\/v2\/tags?post=5810"}],"curies":[{"name":"wp","href":"https:\/\/api.w.org\/{rel}","templated":true}]}}