{"id":5789,"date":"2020-04-19T17:56:22","date_gmt":"2020-04-19T15:56:22","guid":{"rendered":"http:\/\/fundacjawsparcie.eu\/?p=5789"},"modified":"2021-03-05T11:48:36","modified_gmt":"2021-03-05T10:48:36","slug":"fundacja-wsparcie-w-czasie-pandemii","status":"publish","type":"post","link":"https:\/\/fundacjawsparcie.eu\/index.php\/2020\/04\/19\/fundacja-wsparcie-w-czasie-pandemii\/","title":{"rendered":"Fundacja Wsparcie w czasie pandemii"},"content":{"rendered":"<h4><span style=\"font-family: georgia, palatino, serif;\"><strong>(<\/strong><span style=\"color: #003366;\"><strong>&#8222;Dziwny jest ten \u015bwiat&#8221;<\/strong> \u015bpiewa\u0142 Czes\u0142aw Niemen, tak- dziwny, zaskakuj\u0105cy ale mimo wszystko pi\u0119kny. Za oknem widzimy przyrod\u0119 budz\u0105c\u0105 si\u0119 do \u017cycia pe\u0142n\u0105 odcieni zielonych barw daj\u0105c nam nadziej\u0119 na lepsze jutro. &#8222;Jeszcze b\u0119dzie pi\u0119knie mimo wszystko&#8230;&#8221; m\u00f3wi\u0142 Jan Pawe\u0142 II i ja wierz\u0119 w to mocno i Wam wszystkim tego \u017cycz\u0119. To taka moja ma\u0142a dygresja &#8211; Agata A) <\/span><span style=\"color: #003366;\"><!--more--><\/span><\/span><\/h4>\n<hr \/>\n<h4 style=\"text-align: justify;\"><span style=\"font-family: georgia, palatino, serif; color: #003366;\">Od po\u0142owy marca wstrzymali\u015bmy si\u0119 z wi\u0119kszo\u015bci\u0105 dzia\u0142a\u0144 w naszej Fundacji. Nie tylko my ale ca\u0142y \u015bwiat &#8222;zamkn\u0105\u0142 si\u0119 &#8221; w czterech \u015bcianach swojego domu, ukrywaj\u0105c si\u0119 przed paskudnym stworem, kt\u00f3ry si\u0119 zwie SARS-CoV-2 i wywo\u0142uje chorob\u0119 COVID -19. Pierwszy miesi\u0105c by\u0142 dla nas troch\u0119 oczekiwaniem na zmian\u0119 i powr\u00f3t do rzeczywisto\u015bci, w g\u0142\u0119bi duszy mieli\u015bmy nadziej\u0119, \u017ce zaraz wszystko wr\u00f3ci do normy. Jednak tak si\u0119 nie dzieje dlatego zdecydowanie musimy przystosowa\u0107 si\u0119 do obecnej sytuacji i nauczy\u0107 si\u0119 w niej \u017cy\u0107. Wi\u0119kszo\u015b\u0107 uczestnik\u00f3w naszych spotka\u0144 i projekt\u00f3w to seniorzy i to oni s\u0105 najbardziej nara\u017ceni na skutki zaka\u017cenia koronawirusem.\u00a0 W trosce o ich zdrowie fizyczne i psychiczne wznawiamy nasze dzia\u0142ania modeluj\u0105c je do obecnych mo\u017cliwo\u015bci. Zak\u0142adaj\u0105c Fundacj\u0119 naszym priorytetem by\u0142o wsparcie i pomoc osobom zamkni\u0119tym w czterech \u015bcianach swojego domu. Prowadzili\u015bmy r\u00f3\u017cnego typu dzia\u0142ania aktywizuj\u0105ce i wspieraj\u0105ce, kt\u00f3re mia\u0142y wp\u0142yw na &#8222;wyj\u015bcie&#8221; senior\u00f3w z domu, tych zdrowych i tych chorych. Dzi\u015b zn\u00f3w Senior utkn\u0105\u0142 w domu i my wznawiamy z wi\u0119ksz\u0105 si\u0142\u0105 wsparcie os\u00f3b starszych, chorych w ich miejscu zamieszkania. O wszystkich dzia\u0142aniach na bie\u017c\u0105co b\u0119dziemy informowali. Nasz pionierski projekt &#8222;Przywr\u00f3ci\u0107 do \u015bwiata..&#8221; w dniu dzisiejszym dotyczy nie tylko os\u00f3b z zespo\u0142ami otepiennymi i ich opiekun\u00f3w ale wszystkich nas. Z nadziej\u0105 i wiar\u0105, z pogod\u0105 ducha i u\u015bmiechem\u00a0 Zarz\u0105d Fundacji Wsparcie.<\/span><\/h4>\n<h4 style=\"text-align: justify;\"><span style=\"color: #003366; font-family: georgia, palatino, serif;\"><strong>Nasze obecne dzia\u0142ania:<\/strong><\/span><\/h4>\n<ul style=\"list-style-type: square; text-align: justify;\">\n<li>\n<h4><span style=\"font-family: georgia, palatino, serif; color: #003366;\">Utrzymujemy sta\u0142y kontakt z uczestnikami naszych spotka\u0144 w Mi\u0119dzypokoleniowym Klubie Fundacji Wsparcie, rozmawiamy o problemach i w razie potrzeby rozwi\u0105zujemy je.<\/span><\/h4>\n<\/li>\n<li>\n<h4><span style=\"font-family: georgia, palatino, serif; color: #003366;\">Uruchomili\u015bmy Punkt Informacyjno-Konsultacyjny dla opiekun\u00f3w\u00a0 os\u00f3b z demencj\u0105. Od wtorku do soboty w godzinach 10.00-14.00 udzielamy wsparcia i porad<span class=\"_5mfr\"><span class=\"_6qdm\">\u260e\ufe0f<\/span><\/span>793 413 489. We wtorek i sobot\u0119 pod telefonem dy\u017curuje psycholog, w pozosta\u0142e dni koordynatorki projektu &#8222;Asystent rodzin \u017cyj\u0105cych z demencja&#8221;.<\/span><\/h4>\n<\/li>\n<\/ul>\n<h4 style=\"text-align: justify;\"><span style=\"color: #003366; font-family: georgia, palatino, serif;\"><a style=\"color: #003366;\" href=\"https:\/\/fundacjawsparcie.eu\/wp-content\/uploads\/2020\/04\/Zosta\u0144-w-domu.jpg\"><img loading=\"lazy\" decoding=\"async\" class=\"wp-image-5793 aligncenter\" src=\"https:\/\/fundacjawsparcie.eu\/wp-content\/uploads\/2020\/04\/Zosta\u0144-w-domu.jpg\" alt=\"\" width=\"178\" height=\"158\" srcset=\"https:\/\/fundacjawsparcie.eu\/wp-content\/uploads\/2020\/04\/Zosta\u0144-w-domu.jpg 960w, https:\/\/fundacjawsparcie.eu\/wp-content\/uploads\/2020\/04\/Zosta\u0144-w-domu-300x266.jpg 300w, https:\/\/fundacjawsparcie.eu\/wp-content\/uploads\/2020\/04\/Zosta\u0144-w-domu-768x682.jpg 768w\" sizes=\"auto, (max-width: 178px) 100vw, 178px\" \/><\/a><\/span><\/h4>\n<ul style=\"text-align: justify;\">\n<li>\n<h4><span style=\"font-family: georgia, palatino, serif; color: #003366;\">Rozpocz\u0119li\u015bmy dzia\u0142ania zwi\u0105zane z projektem &#8221; Przywr\u00f3ci\u0107 do \u015bwiata-asystent rodzin \u017cyj\u0105cych z demencj\u0105&#8221; na terenie dzielnicy Praga Po\u0142udnie (szczeg\u00f3\u0142y wkr\u00f3tce).<\/span><\/h4>\n<\/li>\n<li>\n<h4><span style=\"font-family: georgia, palatino, serif; color: #003366;\">W czasie \u015bwiat wielkanocnych do\u0142\u0105czyli\u015bmy do akcji zach\u0119caj\u0105cej do pozostania w domu.<a style=\"color: #003366;\" href=\"https:\/\/fundacjawsparcie.eu\/wp-content\/uploads\/2020\/04\/kartkaa.jpg\"><img loading=\"lazy\" decoding=\"async\" class=\"wp-image-5794 aligncenter\" src=\"https:\/\/fundacjawsparcie.eu\/wp-content\/uploads\/2020\/04\/kartkaa.jpg\" alt=\"\" width=\"202\" height=\"113\" srcset=\"https:\/\/fundacjawsparcie.eu\/wp-content\/uploads\/2020\/04\/kartkaa.jpg 2145w, https:\/\/fundacjawsparcie.eu\/wp-content\/uploads\/2020\/04\/kartkaa-300x167.jpg 300w, https:\/\/fundacjawsparcie.eu\/wp-content\/uploads\/2020\/04\/kartkaa-1024x571.jpg 1024w, https:\/\/fundacjawsparcie.eu\/wp-content\/uploads\/2020\/04\/kartkaa-768x429.jpg 768w, https:\/\/fundacjawsparcie.eu\/wp-content\/uploads\/2020\/04\/kartkaa-1536x857.jpg 1536w, https:\/\/fundacjawsparcie.eu\/wp-content\/uploads\/2020\/04\/kartkaa-2048x1143.jpg 2048w\" sizes=\"auto, (max-width: 202px) 100vw, 202px\" \/><\/a><\/span><\/h4>\n<\/li>\n<li>\n<h4><span style=\"font-family: georgia, palatino, serif; color: #003366;\">Ju\u017c w najbli\u017cszym tygodniu rozpoczniemy dzia\u0142ania zwi\u0105zane z aktywizacj\u0105 senior\u00f3w w domu (szczeg\u00f3\u0142y wkr\u00f3tce).<\/span><\/h4>\n<\/li>\n<li>\n<h4><span style=\"font-family: georgia, palatino, serif; color: #003366;\">Piszemy na fb o rzeczach wa\u017cnych nie tylko w okresie pandemii:\u00a0 <\/span><\/h4>\n<\/li>\n<\/ul>\n<h4><span style=\"font-family: georgia, palatino, serif;\"><span style=\"color: #003366;\">&#8211;<\/span><span style=\"color: #003366;\">poniedzia\u0142ki &#8211;\u00a0 wpisy na temat odporno\u015bci,<\/span><\/span><\/h4>\n<h4><span style=\"font-family: georgia, palatino, serif;\">&#8211;<span style=\"color: #003366;\">\u015brody &#8211; porady nie od parady, porady dla senior\u00f3w od kosmetyczki p. Ewy Poche\u0107.<\/span><\/span><\/h4>\n","protected":false},"excerpt":{"rendered":"<p>(&#8222;Dziwny jest ten \u015bwiat&#8221; \u015bpiewa\u0142 Czes\u0142aw Niemen, tak- dziwny, zaskakuj\u0105cy ale mimo wszystko pi\u0119kny. Za oknem widzimy przyrod\u0119 budz\u0105c\u0105 si\u0119 do \u017cycia pe\u0142n\u0105 odcieni zielonych barw daj\u0105c nam nadziej\u0119 na lepsze jutro. &#8222;Jeszcze b\u0119dzie pi\u0119knie mimo wszystko&#8230;&#8221; m\u00f3wi\u0142 Jan Pawe\u0142 II i ja wierz\u0119 w to mocno i Wam wszystkim tego \u017cycz\u0119. To taka moja [&hellip;]<\/p>\n","protected":false},"author":1,"featured_media":5795,"comment_status":"open","ping_status":"closed","sticky":false,"template":"","format":"standard","meta":{"footnotes":""},"categories":[69],"tags":[72,70,71],"class_list":["post-5789","post","type-post","status-publish","format-standard","has-post-thumbnail","hentry","category-pandemia","tag-pandemia","tag-telefon","tag-wsparcie"],"blocksy_meta":{"styles_descriptor":{"styles":{"desktop":"","tablet":"","mobile":""},"google_fonts":[],"version":6}},"brizy_media":[],"_links":{"self":[{"href":"https:\/\/fundacjawsparcie.eu\/index.php\/wp-json\/wp\/v2\/posts\/5789","targetHints":{"allow":["GET"]}}],"collection":[{"href":"https:\/\/fundacjawsparcie.eu\/index.php\/wp-json\/wp\/v2\/posts"}],"about":[{"href":"https:\/\/fundacjawsparcie.eu\/index.php\/wp-json\/wp\/v2\/types\/post"}],"author":[{"embeddable":true,"href":"https:\/\/fundacjawsparcie.eu\/index.php\/wp-json\/wp\/v2\/users\/1"}],"replies":[{"embeddable":true,"href":"https:\/\/fundacjawsparcie.eu\/index.php\/wp-json\/wp\/v2\/comments?post=5789"}],"version-history":[{"count":16,"href":"https:\/\/fundacjawsparcie.eu\/index.php\/wp-json\/wp\/v2\/posts\/5789\/revisions"}],"predecessor-version":[{"id":5994,"href":"https:\/\/fundacjawsparcie.eu\/index.php\/wp-json\/wp\/v2\/posts\/5789\/revisions\/5994"}],"wp:featuredmedia":[{"embeddable":true,"href":"https:\/\/fundacjawsparcie.eu\/index.php\/wp-json\/wp\/v2\/media\/5795"}],"wp:attachment":[{"href":"https:\/\/fundacjawsparcie.eu\/index.php\/wp-json\/wp\/v2\/media?parent=5789"}],"wp:term":[{"taxonomy":"category","embeddable":true,"href":"https:\/\/fundacjawsparcie.eu\/index.php\/wp-json\/wp\/v2\/categories?post=5789"},{"taxonomy":"post_tag","embeddable":true,"href":"https:\/\/fundacjawsparcie.eu\/index.php\/wp-json\/wp\/v2\/tags?post=5789"}],"curies":[{"name":"wp","href":"https:\/\/api.w.org\/{rel}","templated":true}]}}