{"id":5660,"date":"2020-01-02T15:43:01","date_gmt":"2020-01-02T14:43:01","guid":{"rendered":"http:\/\/fundacjawsparcie.eu\/?p=5660"},"modified":"2021-03-05T12:12:22","modified_gmt":"2021-03-05T11:12:22","slug":"nowy-rok-2020","status":"publish","type":"post","link":"https:\/\/fundacjawsparcie.eu\/index.php\/2020\/01\/02\/nowy-rok-2020\/","title":{"rendered":"Nowy Rok 2020"},"content":{"rendered":"<h4><span style=\"font-family: georgia, palatino, serif; color: #008000;\"><strong>I nadszed\u0142 Nowy Rok, pe\u0142en wyzwa\u0144 i pomys\u0142\u00f3w.\u00a0 <\/strong><\/span><\/h4>\n<h4><span style=\"font-family: georgia, palatino, serif; color: #008000;\"><strong>W tym 2020 roku, wszystkim \u017cyczymy rado\u015bci z drobnych rzeczy, u\u015bmiechu i wytrwa\u0142o\u015bci w trudnych chwilach.<\/strong><\/span><\/h4>\n","protected":false},"excerpt":{"rendered":"<p>I nadszed\u0142 Nowy Rok, pe\u0142en wyzwa\u0144 i pomys\u0142\u00f3w.\u00a0 W tym 2020 roku, wszystkim \u017cyczymy rado\u015bci z drobnych rzeczy, u\u015bmiechu i wytrwa\u0142o\u015bci w trudnych chwilach.<\/p>\n","protected":false},"author":1,"featured_media":5661,"comment_status":"open","ping_status":"closed","sticky":false,"template":"","format":"standard","meta":{"footnotes":""},"categories":[3],"tags":[76],"class_list":["post-5660","post","type-post","status-publish","format-standard","has-post-thumbnail","hentry","category-projekty","tag-swiateczne-zyczenia"],"blocksy_meta":{"styles_descriptor":{"styles":{"desktop":"","tablet":"","mobile":""},"google_fonts":[],"version":6}},"brizy_media":[],"_links":{"self":[{"href":"https:\/\/fundacjawsparcie.eu\/index.php\/wp-json\/wp\/v2\/posts\/5660","targetHints":{"allow":["GET"]}}],"collection":[{"href":"https:\/\/fundacjawsparcie.eu\/index.php\/wp-json\/wp\/v2\/posts"}],"about":[{"href":"https:\/\/fundacjawsparcie.eu\/index.php\/wp-json\/wp\/v2\/types\/post"}],"author":[{"embeddable":true,"href":"https:\/\/fundacjawsparcie.eu\/index.php\/wp-json\/wp\/v2\/users\/1"}],"replies":[{"embeddable":true,"href":"https:\/\/fundacjawsparcie.eu\/index.php\/wp-json\/wp\/v2\/comments?post=5660"}],"version-history":[{"count":19,"href":"https:\/\/fundacjawsparcie.eu\/index.php\/wp-json\/wp\/v2\/posts\/5660\/revisions"}],"predecessor-version":[{"id":6001,"href":"https:\/\/fundacjawsparcie.eu\/index.php\/wp-json\/wp\/v2\/posts\/5660\/revisions\/6001"}],"wp:featuredmedia":[{"embeddable":true,"href":"https:\/\/fundacjawsparcie.eu\/index.php\/wp-json\/wp\/v2\/media\/5661"}],"wp:attachment":[{"href":"https:\/\/fundacjawsparcie.eu\/index.php\/wp-json\/wp\/v2\/media?parent=5660"}],"wp:term":[{"taxonomy":"category","embeddable":true,"href":"https:\/\/fundacjawsparcie.eu\/index.php\/wp-json\/wp\/v2\/categories?post=5660"},{"taxonomy":"post_tag","embeddable":true,"href":"https:\/\/fundacjawsparcie.eu\/index.php\/wp-json\/wp\/v2\/tags?post=5660"}],"curies":[{"name":"wp","href":"https:\/\/api.w.org\/{rel}","templated":true}]}}