{"id":500,"date":"2016-05-11T16:12:22","date_gmt":"2016-05-11T14:12:22","guid":{"rendered":"http:\/\/fundacjawsparcie.eu\/?p=500"},"modified":"2017-12-31T20:57:41","modified_gmt":"2017-12-31T19:57:41","slug":"500","status":"publish","type":"post","link":"https:\/\/fundacjawsparcie.eu\/index.php\/2016\/05\/11\/500\/","title":{"rendered":"Pierwsze spotkanie wolontariuszy"},"content":{"rendered":"<h4 style=\"text-align: center;\"><strong><a href=\"https:\/\/fundacjawsparcie.eu\/wp-content\/uploads\/2016\/03\/bia\u0142a_wsp\u00f3\u0142fin.png\"><img loading=\"lazy\" decoding=\"async\" class=\"size-thumbnail wp-image-397 alignleft\" src=\"https:\/\/fundacjawsparcie.eu\/wp-content\/uploads\/2016\/03\/bia\u0142a_wsp\u00f3\u0142fin-150x150.png\" alt=\"bia\u0142a_wsp\u00f3\u0142fin\" width=\"150\" height=\"150\" \/><\/a><\/strong><span style=\"color: #000080; font-family: arial, helvetica, sans-serif;\"><strong><span style=\"color: #800000;\">Pierwsze spotkanie dla I grupy wolontariuszy w projekcie wsp\u00f3\u0142finansowanym przez m.st. Warszawa &#8222;Senior dla Seniora-wsparcie poprzez wolontariat&#8221; za nami<\/span><\/strong>.<\/span><\/h4>\n<h4 style=\"text-align: justify;\"><span style=\"font-family: arial, helvetica, sans-serif; color: #003366;\">Seniorzy wolontariusze przybyli zgodnie z wcze\u015bniejszym zg\u0142oszeniem. Na spotkaniu zosta\u0142y om\u00f3wione zasady pracy wolontariusza, jego prawa i obowi\u0105zki. Wsp\u00f3lnie zastanawiali\u015bmy si\u0119 nad sposobem dotarcia do senior\u00f3w potrzebuj\u0105cych wsparcia i om\u00f3wili\u015bmy jego potrzeby. Psycholog nakre\u015bli\u0142 miedzy innymi zasady dobrej komunikacji. A ratownik medyczny opowiedzia\u0142 o udzielaniu pierwszej pomocy w nag\u0142ych przypadkach u senior\u00f3w. Wolontariuszom zosta\u0142 przekazany poradnik, w kt\u00f3rym by\u0142y zapisane mi\u0119dzy innymi pomocne instytucje.\u00a0Atmosfera bardzo pozytywna, osoby bardzo zainteresowane i zaanga\u017cowane. Teraz przez okres oko\u0142o 3 miesi\u0119cy b\u0119dziemy poszukiwa\u0107 wsp\u00f3lnie os\u00f3b potrzebuj\u0105cych, senior\u00f3w 70+. W trakcie tych 3 miesi\u0119cy wolontariusze i ich podopieczni b\u0119d\u0105 mogli korzysta\u0107 z porad ekspert\u00f3w: psycholog, prawnik, piel\u0119gniarka, pracownik socjalny. Porady eksperckie b\u0119d\u0105 si\u0119 odbywa\u0107 zgodnie z przekazanym harmonogramem.<\/span><\/h4>\n<h4><span style=\"font-family: arial, helvetica, sans-serif; color: #003366;\">fotorelacja w zak\u0142adce projektu &#8222;Senior dla Seniora-wsparcie poprzez wolontariat&#8221;:\u00a0<span id=\"sample-permalink\"><a href=\"https:\/\/fundacjawsparcie.eu\/index.php\/2016\/03\/07\/senior-dla-seniora-wsparcie-poprzez-wolontariat\/\">https:\/\/fundacjawsparcie.eu\/index.php\/2016\/03\/07\/<span id=\"editable-post-name\">senior-dla-senio\u2026rzez-wolontariat<\/span><\/a><\/span><\/span><\/h4>\n","protected":false},"excerpt":{"rendered":"<p>Pierwsze spotkanie dla I grupy wolontariuszy w projekcie wsp\u00f3\u0142finansowanym przez m.st. Warszawa &#8222;Senior dla Seniora-wsparcie poprzez wolontariat&#8221; za nami. Seniorzy wolontariusze przybyli zgodnie z wcze\u015bniejszym zg\u0142oszeniem. Na spotkaniu zosta\u0142y om\u00f3wione zasady pracy wolontariusza, jego prawa i obowi\u0105zki. Wsp\u00f3lnie zastanawiali\u015bmy si\u0119 nad sposobem dotarcia do senior\u00f3w potrzebuj\u0105cych wsparcia i om\u00f3wili\u015bmy jego potrzeby. Psycholog nakre\u015bli\u0142 miedzy innymi [&hellip;]<\/p>\n","protected":false},"author":1,"featured_media":0,"comment_status":"open","ping_status":"closed","sticky":false,"template":"","format":"aside","meta":{"footnotes":""},"categories":[3],"tags":[27],"class_list":["post-500","post","type-post","status-publish","format-aside","hentry","category-projekty","tag-senior-dla-seniora","post_format-post-format-aside"],"blocksy_meta":{"styles_descriptor":{"styles":{"desktop":"","tablet":"","mobile":""},"google_fonts":[],"version":6}},"brizy_media":[],"_links":{"self":[{"href":"https:\/\/fundacjawsparcie.eu\/index.php\/wp-json\/wp\/v2\/posts\/500","targetHints":{"allow":["GET"]}}],"collection":[{"href":"https:\/\/fundacjawsparcie.eu\/index.php\/wp-json\/wp\/v2\/posts"}],"about":[{"href":"https:\/\/fundacjawsparcie.eu\/index.php\/wp-json\/wp\/v2\/types\/post"}],"author":[{"embeddable":true,"href":"https:\/\/fundacjawsparcie.eu\/index.php\/wp-json\/wp\/v2\/users\/1"}],"replies":[{"embeddable":true,"href":"https:\/\/fundacjawsparcie.eu\/index.php\/wp-json\/wp\/v2\/comments?post=500"}],"version-history":[{"count":10,"href":"https:\/\/fundacjawsparcie.eu\/index.php\/wp-json\/wp\/v2\/posts\/500\/revisions"}],"predecessor-version":[{"id":3508,"href":"https:\/\/fundacjawsparcie.eu\/index.php\/wp-json\/wp\/v2\/posts\/500\/revisions\/3508"}],"wp:attachment":[{"href":"https:\/\/fundacjawsparcie.eu\/index.php\/wp-json\/wp\/v2\/media?parent=500"}],"wp:term":[{"taxonomy":"category","embeddable":true,"href":"https:\/\/fundacjawsparcie.eu\/index.php\/wp-json\/wp\/v2\/categories?post=500"},{"taxonomy":"post_tag","embeddable":true,"href":"https:\/\/fundacjawsparcie.eu\/index.php\/wp-json\/wp\/v2\/tags?post=500"}],"curies":[{"name":"wp","href":"https:\/\/api.w.org\/{rel}","templated":true}]}}