{"id":4068,"date":"2018-06-13T17:08:20","date_gmt":"2018-06-13T15:08:20","guid":{"rendered":"http:\/\/fundacjawsparcie.eu\/?p=4068"},"modified":"2018-09-07T20:37:07","modified_gmt":"2018-09-07T18:37:07","slug":"leki-z-naturalnej-apteki-ogrod-sasiedzki","status":"publish","type":"post","link":"https:\/\/fundacjawsparcie.eu\/index.php\/2018\/06\/13\/leki-z-naturalnej-apteki-ogrod-sasiedzki\/","title":{"rendered":"Leki Z Naturalnej Apteki &#8211; Ogr\u00f3d S\u0105siedzki"},"content":{"rendered":"<h4><span style=\"font-family: arial, helvetica, sans-serif; color: #003366;\"><a href=\"https:\/\/fundacjawsparcie.eu\/wp-content\/uploads\/2018\/05\/otwarcie-ogrodu.jpg\"><img loading=\"lazy\" decoding=\"async\" class=\"wp-image-4070 alignleft\" src=\"https:\/\/fundacjawsparcie.eu\/wp-content\/uploads\/2018\/05\/otwarcie-ogrodu.jpg\" alt=\"\" width=\"240\" height=\"341\" srcset=\"https:\/\/fundacjawsparcie.eu\/wp-content\/uploads\/2018\/05\/otwarcie-ogrodu.jpg 500w, https:\/\/fundacjawsparcie.eu\/wp-content\/uploads\/2018\/05\/otwarcie-ogrodu-211x300.jpg 211w\" sizes=\"auto, (max-width: 240px) 100vw, 240px\" \/><\/a><strong>13 czerwca o godz. 14.00<\/strong>\u00a0Zapraszamy do Wawerskiego Centrum\u00a0<\/span><span style=\"font-family: arial, helvetica, sans-serif; color: #003366;\">Kultury Zast\u00f3w ul. Lucerny 13 na <strong><span style=\"color: #800000;\">Otwarcie Ogrodu S\u0105siedzkiego.<\/span> <\/strong><\/span><!--more--><\/h4>\n<p>&nbsp;<\/p>\n<h4><span style=\"font-family: arial, helvetica, sans-serif; color: #003366;\">Projekt <strong><span style=\"color: #808000;\">LEKI Z NATURALNEJ APTEKI<\/span> <\/strong>zak\u0142ada\u0142 r\u00f3wnie\u017c stworzenie ogrodu s\u0105siedzkiego z elementami sensorycznymi. <\/span><\/h4>\n<h4><span style=\"font-family: arial, helvetica, sans-serif; color: #003366;\">Dzi\u0119ki inicjatywie <strong><a style=\"color: #003366;\" href=\"http:\/\/ogrodleczy.pl\/\">Ogr\u00f3d leczy<\/a><\/strong> mamy projekt ogrodu. Jednak na stworzenie zaplanowanego ogrodu potrzebne s\u0105 pieni\u0105dze i czas. Ale na razie mamy ma\u0142\u0105 namiastk\u0119.\u00a0<\/span><\/h4>\n<p>[WRGF id=4417]<\/p>\n","protected":false},"excerpt":{"rendered":"<p>13 czerwca o godz. 14.00\u00a0Zapraszamy do Wawerskiego Centrum\u00a0Kultury Zast\u00f3w ul. Lucerny 13 na Otwarcie Ogrodu S\u0105siedzkiego.<\/p>\n","protected":false},"author":1,"featured_media":0,"comment_status":"open","ping_status":"closed","sticky":false,"template":"","format":"standard","meta":{"footnotes":""},"categories":[3],"tags":[49],"class_list":["post-4068","post","type-post","status-publish","format-standard","hentry","category-projekty","tag-wspolpraca"],"blocksy_meta":{"styles_descriptor":{"styles":{"desktop":"","tablet":"","mobile":""},"google_fonts":[],"version":6}},"brizy_media":[],"_links":{"self":[{"href":"https:\/\/fundacjawsparcie.eu\/index.php\/wp-json\/wp\/v2\/posts\/4068","targetHints":{"allow":["GET"]}}],"collection":[{"href":"https:\/\/fundacjawsparcie.eu\/index.php\/wp-json\/wp\/v2\/posts"}],"about":[{"href":"https:\/\/fundacjawsparcie.eu\/index.php\/wp-json\/wp\/v2\/types\/post"}],"author":[{"embeddable":true,"href":"https:\/\/fundacjawsparcie.eu\/index.php\/wp-json\/wp\/v2\/users\/1"}],"replies":[{"embeddable":true,"href":"https:\/\/fundacjawsparcie.eu\/index.php\/wp-json\/wp\/v2\/comments?post=4068"}],"version-history":[{"count":10,"href":"https:\/\/fundacjawsparcie.eu\/index.php\/wp-json\/wp\/v2\/posts\/4068\/revisions"}],"predecessor-version":[{"id":4425,"href":"https:\/\/fundacjawsparcie.eu\/index.php\/wp-json\/wp\/v2\/posts\/4068\/revisions\/4425"}],"wp:attachment":[{"href":"https:\/\/fundacjawsparcie.eu\/index.php\/wp-json\/wp\/v2\/media?parent=4068"}],"wp:term":[{"taxonomy":"category","embeddable":true,"href":"https:\/\/fundacjawsparcie.eu\/index.php\/wp-json\/wp\/v2\/categories?post=4068"},{"taxonomy":"post_tag","embeddable":true,"href":"https:\/\/fundacjawsparcie.eu\/index.php\/wp-json\/wp\/v2\/tags?post=4068"}],"curies":[{"name":"wp","href":"https:\/\/api.w.org\/{rel}","templated":true}]}}