{"id":4065,"date":"2018-06-14T16:00:20","date_gmt":"2018-06-14T14:00:20","guid":{"rendered":"http:\/\/fundacjawsparcie.eu\/?p=4065"},"modified":"2018-07-19T14:40:15","modified_gmt":"2018-07-19T12:40:15","slug":"program-wolontariatu-5","status":"publish","type":"post","link":"https:\/\/fundacjawsparcie.eu\/index.php\/2018\/06\/14\/program-wolontariatu-5\/","title":{"rendered":"Program Wolontariatu"},"content":{"rendered":"<h4 style=\"text-align: justify;\"><span style=\"font-family: arial, helvetica, sans-serif; color: #003366;\"><a href=\"https:\/\/fundacjawsparcie.eu\/wp-content\/uploads\/2017\/04\/de_Memo.png\"><img loading=\"lazy\" decoding=\"async\" class=\"wp-image-1688 alignleft\" src=\"https:\/\/fundacjawsparcie.eu\/wp-content\/uploads\/2017\/04\/de_Memo.png\" alt=\"\" width=\"223\" height=\"44\" srcset=\"https:\/\/fundacjawsparcie.eu\/wp-content\/uploads\/2017\/04\/de_Memo.png 1462w, https:\/\/fundacjawsparcie.eu\/wp-content\/uploads\/2017\/04\/de_Memo-300x59.png 300w, https:\/\/fundacjawsparcie.eu\/wp-content\/uploads\/2017\/04\/de_Memo-768x151.png 768w, https:\/\/fundacjawsparcie.eu\/wp-content\/uploads\/2017\/04\/de_Memo-1024x202.png 1024w\" sizes=\"auto, (max-width: 223px) 100vw, 223px\" \/><\/a>W ramach <span style=\"color: #800000;\"><strong><a style=\"color: #800000;\" href=\"https:\/\/fundacjawsparcie.eu\/index.php\/2017\/05\/03\/1961\/\">Programu Wolontariatu<\/a><\/strong> <span style=\"color: #003366;\">projektu<\/span> <span style=\"color: #808000;\"><a style=\"color: #808000;\" href=\"https:\/\/fundacjawsparcie.eu\/index.php\/2017\/04\/03\/dememo\/#more-1623\"><strong>deMemo<\/strong><\/a><\/span><\/span> zapraszamy na spotkanie 14.06.2018 r. godz. 17.00 ul. Ko\u015bciuszkowc\u00f3w 80, suterena <span style=\"color: #9999ff;\"><strong><span style=\"color: #0000ff;\">&#8222;Wzmocnienie, jak poczu\u0107 moc w pomaganiu&#8221;.<\/span>\u00a0<\/strong><\/span><\/span><\/h4>\n","protected":false},"excerpt":{"rendered":"<p>W ramach Programu Wolontariatu projektu deMemo zapraszamy na spotkanie 14.06.2018 r. godz. 17.00 ul. Ko\u015bciuszkowc\u00f3w 80, suterena &#8222;Wzmocnienie, jak poczu\u0107 moc w pomaganiu&#8221;.\u00a0<\/p>\n","protected":false},"author":1,"featured_media":0,"comment_status":"open","ping_status":"closed","sticky":false,"template":"","format":"standard","meta":{"footnotes":""},"categories":[3],"tags":[39,42],"class_list":["post-4065","post","type-post","status-publish","format-standard","hentry","category-projekty","tag-dememo","tag-wolontariat"],"blocksy_meta":{"styles_descriptor":{"styles":{"desktop":"","tablet":"","mobile":""},"google_fonts":[],"version":6}},"brizy_media":[],"_links":{"self":[{"href":"https:\/\/fundacjawsparcie.eu\/index.php\/wp-json\/wp\/v2\/posts\/4065","targetHints":{"allow":["GET"]}}],"collection":[{"href":"https:\/\/fundacjawsparcie.eu\/index.php\/wp-json\/wp\/v2\/posts"}],"about":[{"href":"https:\/\/fundacjawsparcie.eu\/index.php\/wp-json\/wp\/v2\/types\/post"}],"author":[{"embeddable":true,"href":"https:\/\/fundacjawsparcie.eu\/index.php\/wp-json\/wp\/v2\/users\/1"}],"replies":[{"embeddable":true,"href":"https:\/\/fundacjawsparcie.eu\/index.php\/wp-json\/wp\/v2\/comments?post=4065"}],"version-history":[{"count":1,"href":"https:\/\/fundacjawsparcie.eu\/index.php\/wp-json\/wp\/v2\/posts\/4065\/revisions"}],"predecessor-version":[{"id":4066,"href":"https:\/\/fundacjawsparcie.eu\/index.php\/wp-json\/wp\/v2\/posts\/4065\/revisions\/4066"}],"wp:attachment":[{"href":"https:\/\/fundacjawsparcie.eu\/index.php\/wp-json\/wp\/v2\/media?parent=4065"}],"wp:term":[{"taxonomy":"category","embeddable":true,"href":"https:\/\/fundacjawsparcie.eu\/index.php\/wp-json\/wp\/v2\/categories?post=4065"},{"taxonomy":"post_tag","embeddable":true,"href":"https:\/\/fundacjawsparcie.eu\/index.php\/wp-json\/wp\/v2\/tags?post=4065"}],"curies":[{"name":"wp","href":"https:\/\/api.w.org\/{rel}","templated":true}]}}