{"id":396,"date":"2016-03-07T10:54:01","date_gmt":"2016-03-07T09:54:01","guid":{"rendered":"http:\/\/fundacjawsparcie.eu\/?p=396"},"modified":"2017-12-31T20:27:58","modified_gmt":"2017-12-31T19:27:58","slug":"senior-dla-seniora-wsparcie-poprzez-wolontariat","status":"publish","type":"post","link":"https:\/\/fundacjawsparcie.eu\/index.php\/2016\/03\/07\/senior-dla-seniora-wsparcie-poprzez-wolontariat\/","title":{"rendered":",,Senior dla Seniora-wsparcie poprzez wolontariat&#8221;"},"content":{"rendered":"<h4 style=\"text-align: left;\"><span style=\"color: #0000ff; font-family: arial, helvetica, sans-serif;\"><strong>\u201eSenior dla Seniora \u2013 wsparcie poprzez wolontariat\u201d.<\/strong><\/span><\/h4>\n<h4 style=\"text-align: left;\"><span style=\"font-family: arial, helvetica, sans-serif; color: #808000;\"><strong>Wsp\u00f3lne dzia\u0142ania wolontariuszy<\/strong><\/span><\/h4>\n<h4 style=\"text-align: justify;\"><span style=\"color: #003366; font-family: arial, helvetica, sans-serif;\">Na spotkanie przed\u015bwi\u0105teczne 9 grudnia 2016 r. ko\u0144cz\u0105ce projekt &#8221; Senior dla Seniora-wsparcie poprzez wolontariat przybyli wolontariusze ze swoimi podopiecznymi oraz eksperci udzielaj\u0105cy porad w czasie dzia\u0142a\u0144. Wszystkie osoby otrzyma\u0142y podzi\u0119kowania oraz drobne upominki. By\u0142a te\u017c wigilijna wieczerza oraz kol\u0119dowanie. W czasie \u017cycze\u0144 dzielili\u015bmy si\u0119 \u00a0napotkanymi problemami \u00a0oraz sukcesami. Sympatyczna atmosfera\u00a0pe\u0142na wzrusze\u0144 i rado\u015bci towarzyszy\u0142a nam przez ca\u0142y czas spotkania. Wolontariusze zdecydowanie orzekli, \u017ce oczekuj\u0105 dalszego wsparcia swoich dzia\u0142a\u0144 i prosili o kontynuacje projektu.<\/span><!--more--><a href=\"https:\/\/fundacjawsparcie.eu\/wp-content\/uploads\/2016\/03\/9-grudnia-2016-II.jpg\"><br \/>\n<img loading=\"lazy\" decoding=\"async\" class=\"wp-image-1133 aligncenter\" src=\"https:\/\/fundacjawsparcie.eu\/wp-content\/uploads\/2016\/03\/9-grudnia-2016-II.jpg\" alt=\"9-grudnia-2016-ii\" width=\"600\" height=\"450\" srcset=\"https:\/\/fundacjawsparcie.eu\/wp-content\/uploads\/2016\/03\/9-grudnia-2016-II.jpg 960w, https:\/\/fundacjawsparcie.eu\/wp-content\/uploads\/2016\/03\/9-grudnia-2016-II-300x225.jpg 300w, https:\/\/fundacjawsparcie.eu\/wp-content\/uploads\/2016\/03\/9-grudnia-2016-II-768x576.jpg 768w\" sizes=\"auto, (max-width: 600px) 100vw, 600px\" \/><\/a><\/h4>\n<hr \/>\n<h4 style=\"text-align: justify;\"><span style=\"color: #003366; font-family: arial, helvetica, sans-serif;\">W dniu <strong><span style=\"color: #800000;\">18 listopada 2016 r. na ul. Smoczej 3 odby\u0142o si\u0119\u00a0spotkanie integracyjne dw\u00f3ch grup wolontariuszy<\/span> <\/strong>projektu &#8221; Senior dla Seniora-wsparcie poprzez wolontariat&#8221;. Wsp\u00f3lne spotkanie dw\u00f3ch grup okaza\u0142o si\u0119 bardzo udane. Wolontariusze mieli bardzo du\u017co do powiedzenia, podzielenia si\u0119 swoimi osi\u0105gni\u0119ciami. Na spotkaniu by\u0142a piel\u0119gniark\u0105 Ma\u0142gorzata z warszawskiego hospicjum stacjonarnego. M\u00f3wi\u0142a o wolontariacie w hospicjum, o odchodzeniu, prze\u0142amaniu bariery w pomocy ludziom umieraj\u0105cym ale te\u017c przekaza\u0142a nam wiedz\u0119 na temat piel\u0119gnacji odle\u017cyn i dzia\u0142a\u0144 p\/odle\u017cynowych. Jedna z wolontariuszek p.Katarzyna podzieli\u0142a si\u0119 informacjami o kilku wybitnych warszawiankach. Najwi\u0119kszym\u00a0problemem w\u015br\u00f3d\u00a0wolontariuszy okaza\u0142o si\u0119 pozyskanie podopiecznych. Samotno\u015b\u0107\u00a0os\u00f3b starszych tak bardzo w nich przenika\u0142a, \u017ce boj\u0105 si\u0119 kontaktu. Boj\u0105 si\u0119, \u017ce spotkanie z wolontariuszem b\u0119dzie do czego\u015b wykorzystane lub do czego\u015b zobowi\u0105zuje. Wielka rola wolontariusza w prze\u0142amaniu barier. Bardzo cz\u0119sto\u00a0si\u0119\u00a0udaje. Cz\u0119sto te\u017c po jednym , dw\u00f3ch spotkaniach seniorzy rezygnuj\u0105.\u00a0<\/span><a href=\"https:\/\/fundacjawsparcie.eu\/wp-content\/uploads\/2016\/03\/Senior-dla-seniora-do-zdj\u0119\u0107.jpg\"><img loading=\"lazy\" decoding=\"async\" class=\"wp-image-1118 aligncenter\" src=\"https:\/\/fundacjawsparcie.eu\/wp-content\/uploads\/2016\/03\/Senior-dla-seniora-do-zdj\u0119\u0107.jpg\" alt=\"senior-dla-seniora-do-zdjec\" width=\"606\" height=\"455\" srcset=\"https:\/\/fundacjawsparcie.eu\/wp-content\/uploads\/2016\/03\/Senior-dla-seniora-do-zdj\u0119\u0107.jpg 960w, https:\/\/fundacjawsparcie.eu\/wp-content\/uploads\/2016\/03\/Senior-dla-seniora-do-zdj\u0119\u0107-300x225.jpg 300w, https:\/\/fundacjawsparcie.eu\/wp-content\/uploads\/2016\/03\/Senior-dla-seniora-do-zdj\u0119\u0107-768x576.jpg 768w\" sizes=\"auto, (max-width: 606px) 100vw, 606px\" \/><\/a><\/h4>\n<hr \/>\n<h4 style=\"text-align: left;\"><span style=\"color: #808000; font-family: arial, helvetica, sans-serif;\"><strong>Dzia\u0142ania II grupy wolontariuszy<\/strong><\/span><\/h4>\n<h4 style=\"text-align: left;\"><span style=\"font-family: arial, helvetica, sans-serif; color: #800000;\"><strong>Od 8.08.2016 r. nasi eksperci rozpocz\u0119li swoje dy\u017cury dla II grupy. <\/strong><\/span><\/h4>\n<h4 style=\"text-align: left;\"><span style=\"font-family: arial, helvetica, sans-serif; color: #003366;\">Porady odbywaj\u0105 si\u0119 zgodnie z przekazanym wolontariuszom harmonogramem, w biurze fundacji lub pod telefonem. Najcz\u0119stsze pytania s\u0105 do pracownika socjalnego i psychologa, dotycz\u0105 organizacji opieki dla seniora i jak pracowa\u0107 z trudn\u0105 osob\u0105?<\/span><\/h4>\n<p><a href=\"https:\/\/fundacjawsparcie.eu\/wp-content\/uploads\/2016\/03\/konsultanci.jpg\"><img loading=\"lazy\" decoding=\"async\" class=\"wp-image-1035 aligncenter\" src=\"https:\/\/fundacjawsparcie.eu\/wp-content\/uploads\/2016\/03\/konsultanci.jpg\" alt=\"konsultanci\" width=\"394\" height=\"295\" srcset=\"https:\/\/fundacjawsparcie.eu\/wp-content\/uploads\/2016\/03\/konsultanci.jpg 960w, https:\/\/fundacjawsparcie.eu\/wp-content\/uploads\/2016\/03\/konsultanci-300x225.jpg 300w, https:\/\/fundacjawsparcie.eu\/wp-content\/uploads\/2016\/03\/konsultanci-768x576.jpg 768w\" sizes=\"auto, (max-width: 394px) 100vw, 394px\" \/><\/a><\/p>\n<h4 style=\"text-align: left;\"><span style=\"font-family: arial, helvetica, sans-serif; color: #808000;\"><strong>Trzecie spotkanie dla II grupy wolontariuszy w projekcie wsp\u00f3\u0142finansowanym przez m.st. Warszawa &#8222;Senior dla Seniora-wsparcie poprzez wolontariat&#8221;\u00a0<\/strong><\/span><\/h4>\n<h4 style=\"text-align: justify;\"><span style=\"font-family: arial, helvetica, sans-serif; color: #003366;\">W dniu 13 pa\u017adziernika 2016 r. o godz.11.00 spotkali\u015bmy si\u0119 z wolontariuszami na ul. Smoczej 3. \u00a0Pracownik socjalny przybli\u017cy\u0142 seniorom temat: &#8222;Rola pomocy spo\u0142ecznej w organizacji opieki nad seniorem niesamodzielnym&#8221; . Pani Monika opowiedzia\u0142a du\u017co przyk\u0142ad\u00f3w z w\u0142asnych do\u015bwiadcze\u0144. Wolontariuszy zaciekawi\u0142 temat bezdomno\u015bci w\u015br\u00f3d senior\u00f3w i praca\u00a0streetworkera. Pani Monika anga\u017cuje si\u0119 w dzia\u0142ania na rzecz bezdomnych. Na spotkaniu m\u00f3wili\u015bmy te\u017c o pracy nad osob\u0105 \u00a0z demencj\u0105. Co mo\u017ce nas spotka\u0107, na co zwr\u00f3ci\u0107 uwag\u0119 i jak wsp\u00f3\u0142pracowa\u0107 z taka osob\u0105. Wolontariusze opowiadali o swoich podopiecznych. Wymieniali si\u0119 do\u015bwiadczeniami i wsp\u00f3lnie rozwi\u0105zywali problemy.<\/span><a href=\"https:\/\/fundacjawsparcie.eu\/wp-content\/uploads\/2016\/03\/Senior-dla-seniora-.jpg\"><img loading=\"lazy\" decoding=\"async\" class=\"wp-image-971 aligncenter\" src=\"https:\/\/fundacjawsparcie.eu\/wp-content\/uploads\/2016\/03\/Senior-dla-seniora-.jpg\" alt=\"senior-dla-seniora\" width=\"601\" height=\"451\" srcset=\"https:\/\/fundacjawsparcie.eu\/wp-content\/uploads\/2016\/03\/Senior-dla-seniora-.jpg 960w, https:\/\/fundacjawsparcie.eu\/wp-content\/uploads\/2016\/03\/Senior-dla-seniora--300x225.jpg 300w, https:\/\/fundacjawsparcie.eu\/wp-content\/uploads\/2016\/03\/Senior-dla-seniora--768x576.jpg 768w\" sizes=\"auto, (max-width: 601px) 100vw, 601px\" \/><\/a><\/h4>\n<h4 style=\"text-align: left;\"><span style=\"font-family: arial, helvetica, sans-serif; color: #808000;\"><strong>Drugie spotkanie dla II grupy wolontariuszy w projekcie wsp\u00f3\u0142finansowanym przez m.st. Warszawa &#8222;Senior dla Seniora-wsparcie poprzez wolontariat&#8221;\u00a0<\/strong><\/span><\/h4>\n<h4 style=\"text-align: justify;\"><span style=\"font-family: arial, helvetica, sans-serif; color: #003366;\">Spotkanie wolontariuszy odby\u0142o si\u0119 ponownie na ul. Smocza 3, w siedzibie Sp\u00f3\u0142dzielni Socjalnej Wola. Wolontariusze m\u00f3wili o potencjale swoich podopiecznych. Jak go wykorzysta\u0107. Wszyscy ju\u017c odwa\u017cniej wymieniali si\u0119 w\u0142asnymi do\u015bwiadczeniami. Poruszony zosta\u0142 tak\u017ce temat d\u0142ugowieczno\u015bci, co zrobi\u0107 aby\u015bmy mogli \u017cy\u0107 d\u0142ugo w szcz\u0119\u015bciu i zdrowiu. Piel\u0119gniarka p. Ma\u0142gosia opowiedzia\u0142a o organizacji opieki d\u0142ugoterminowej i o wolontariacie w hospicjum. Temat pomocy w hospicjum bardzo poruszy\u0142 wolontariuszy. Zastanawiali\u00a0si\u0119\u00a0nad pytaniem &#8222;Czy ja mam tyle si\u0142y psychicznej aby zosta\u0107 wolontariuszem w hospicjum?&#8221;. W trakcie og\u00f3lnej rozmowy o bezinteresownej pomocy\u00a0pad\u0142o\u00a0stwierdzenie &#8222;Najlepszym lekarstwem dla cz\u0142owieka jest drugi cz\u0142owiek&#8221;.<\/span><\/h4>\n<h4 style=\"text-align: left;\"><a href=\"https:\/\/fundacjawsparcie.eu\/wp-content\/uploads\/2016\/03\/spotkanie-19.09.2016.jpg\"><img loading=\"lazy\" decoding=\"async\" class=\"wp-image-1036 aligncenter\" src=\"https:\/\/fundacjawsparcie.eu\/wp-content\/uploads\/2016\/03\/spotkanie-19.09.2016.jpg\" alt=\"spotkanie-19-09-2016\" width=\"583\" height=\"438\" srcset=\"https:\/\/fundacjawsparcie.eu\/wp-content\/uploads\/2016\/03\/spotkanie-19.09.2016.jpg 960w, https:\/\/fundacjawsparcie.eu\/wp-content\/uploads\/2016\/03\/spotkanie-19.09.2016-300x225.jpg 300w, https:\/\/fundacjawsparcie.eu\/wp-content\/uploads\/2016\/03\/spotkanie-19.09.2016-768x576.jpg 768w\" sizes=\"auto, (max-width: 583px) 100vw, 583px\" \/><\/a><span style=\"color: #808000; font-family: arial, helvetica, sans-serif;\"><strong>Pierwsze spotkanie dla II grupy wolontariuszy w projekcie wsp\u00f3\u0142finansowanym przez m.st. Warszawa &#8222;Senior dla Seniora-wsparcie poprzez wolontariat&#8221; za nami.<\/strong><\/span><\/h4>\n<h4 style=\"text-align: justify;\"><span style=\"color: #003366; font-family: arial, helvetica, sans-serif;\">Spotkanie II grupy wolontariuszy cho\u0107 w okresie wakacyjnym odby\u0142o si\u0119 :). Wspania\u0142a, radosna grupa, pe\u0142na ch\u0119ci do dzia\u0142ania i wch\u0142aniania informacji. Jak zwykle koordynator wprowadzi\u0142 wolontariuszy w zakamarki dzia\u0142a\u0144 :). Opowiedzia\u0142 o projekcie, potrzebach senior\u00f3w itp. Ratownik medyczny opowiedzia\u0142 o udzielaniu pierwszej pomocy w nag\u0142ych przypadkach. Psycholog wsp\u00f3lnie z wolontariuszami ustali\u0142 cechy dobrego wolontariusza i na czym polega dobra komunikacja.Przed nami 3 miesi\u0105ce na pozyskiwanie os\u00f3b potrzebuj\u0105cych wsparcia. W tym czasie w biurze fundacji oraz pod telefonem w okre\u015blonym czasie\u00a0b\u0119d\u0105\u00a0czuwa\u0107 eksperci:\u00a0piel\u0119gniarka, pracownik socjalny,\u00a0psycholog i\u00a0prawnik.\u00a0<\/span><a href=\"https:\/\/fundacjawsparcie.eu\/wp-content\/uploads\/2016\/08\/Senior-dla-seniora-do-zdj\u0119\u0107-2.jpg\"><img loading=\"lazy\" decoding=\"async\" class=\"wp-image-835 aligncenter\" src=\"https:\/\/fundacjawsparcie.eu\/wp-content\/uploads\/2016\/08\/Senior-dla-seniora-do-zdj\u0119\u0107-2.jpg\" alt=\"Senior dla seniora do zdj\u0119\u0107 2\" width=\"613\" height=\"460\" srcset=\"https:\/\/fundacjawsparcie.eu\/wp-content\/uploads\/2016\/08\/Senior-dla-seniora-do-zdj\u0119\u0107-2.jpg 960w, https:\/\/fundacjawsparcie.eu\/wp-content\/uploads\/2016\/08\/Senior-dla-seniora-do-zdj\u0119\u0107-2-300x225.jpg 300w, https:\/\/fundacjawsparcie.eu\/wp-content\/uploads\/2016\/08\/Senior-dla-seniora-do-zdj\u0119\u0107-2-768x576.jpg 768w\" sizes=\"auto, (max-width: 613px) 100vw, 613px\" \/><\/a><\/h4>\n<hr \/>\n<h4 style=\"text-align: left;\"><span style=\"color: #808000; font-family: arial, helvetica, sans-serif;\"><strong>Dzia\u0142ania I grupy wolontariuszy<\/strong><\/span><\/h4>\n<h4 style=\"text-align: left;\"><span style=\"font-family: arial, helvetica, sans-serif; color: #800000;\"><strong>Rozpocz\u0119li\u015bmy\u00a0poszukiwania i odwiedziny \u00a0w \u015brodowiskach os\u00f3b\u00a0potrzebuj\u0105cych\u00a0wsparcia.\u00a0<\/strong><\/span><span style=\"font-family: arial, helvetica, sans-serif; color: #003366;\">Przeszkoleni seniorzy wolontariusze wraz z profesjonaln\u0105 opiekunk\u0105 odwiedzaj\u0105 osoby potrzebuj\u0105ce opieki, wsp\u00f3lnie ustalaj\u0105 plan pomocy.<\/span><\/h4>\n<h4 style=\"text-align: left;\"><span style=\"font-family: arial, helvetica, sans-serif; color: #003366;\">Dla Pani Agnieszki pomoc innym jest rzecz\u0105 naturaln\u0105. \u00a0Od s\u0105siadki dowiedzia\u0142a si\u0119 o Pani Ali. Dla Niej rado\u015bci\u0105 jest pomoc innym.<\/span><\/h4>\n<h4 style=\"text-align: justify;\"><a href=\"https:\/\/fundacjawsparcie.eu\/wp-content\/uploads\/2016\/03\/Slajd1.jpg\"><img loading=\"lazy\" decoding=\"async\" class=\"wp-image-799 aligncenter\" src=\"https:\/\/fundacjawsparcie.eu\/wp-content\/uploads\/2016\/03\/Slajd1.jpg\" alt=\"Slajd1\" width=\"391\" height=\"293\" srcset=\"https:\/\/fundacjawsparcie.eu\/wp-content\/uploads\/2016\/03\/Slajd1.jpg 960w, https:\/\/fundacjawsparcie.eu\/wp-content\/uploads\/2016\/03\/Slajd1-300x225.jpg 300w, https:\/\/fundacjawsparcie.eu\/wp-content\/uploads\/2016\/03\/Slajd1-768x576.jpg 768w\" sizes=\"auto, (max-width: 391px) 100vw, 391px\" \/><\/a><span style=\"color: #003366; font-family: arial, helvetica, sans-serif;\">Pani Teresa mgr rehabilitacji, pomaga bo tak trzeba. Wie co znaczy znale\u017a\u0107 si\u0119 w trudnej sytuacji, sama przesz\u0142a wiele. Jej podopieczne to osoby nie wychodz\u0105ce z domu potrzebuj\u0105ce ciep\u0142a, dotyku jej magicznych r\u0105k. Motywuje je do \u0107wicze\u0144, pomaga zam\u00f3wi\u0107 wizyt\u0119 lekarsk\u0105,&#8221; rozmawia-tak po ludzku&#8221;.<\/span><\/h4>\n<p><a href=\"https:\/\/fundacjawsparcie.eu\/wp-content\/uploads\/2016\/03\/Kleszcz-Piechuta-3-SD\u015a.jpg\"><img loading=\"lazy\" decoding=\"async\" class=\"wp-image-710 aligncenter\" src=\"https:\/\/fundacjawsparcie.eu\/wp-content\/uploads\/2016\/03\/Kleszcz-Piechuta-3-SD\u015a-1024x576.jpg\" alt=\"Kleszcz, Piechuta 3-SD\u015a\" width=\"411\" height=\"231\" srcset=\"https:\/\/fundacjawsparcie.eu\/wp-content\/uploads\/2016\/03\/Kleszcz-Piechuta-3-SD\u015a-1024x576.jpg 1024w, https:\/\/fundacjawsparcie.eu\/wp-content\/uploads\/2016\/03\/Kleszcz-Piechuta-3-SD\u015a-300x169.jpg 300w, https:\/\/fundacjawsparcie.eu\/wp-content\/uploads\/2016\/03\/Kleszcz-Piechuta-3-SD\u015a-768x432.jpg 768w\" sizes=\"auto, (max-width: 411px) 100vw, 411px\" \/><\/a><\/p>\n<h4>\u00a0<span style=\"color: #003366; font-family: arial, helvetica, sans-serif;\">Wolontariuszka p. Zosia by\u0142a przewodniczk\u0105 po Warszawie, p\u00f3\u017aniej zosta\u0142a opiekunk\u0105 os\u00f3b starszych. Dzi\u015b pomimo swojego wieku dalej chce pomaga\u0107. Lubi czu\u0107 si\u0119 potrzebna. Ma w sobie du\u017co ciep\u0142a i zrozumienia dla osoby chorej i starszej. Jej podopieczne to seniorki prawie z podw\u00f3rka, bardzo szcz\u0119\u015bliwe \u017ce maja takie wsparcie.<\/span><span style=\"color: #003366; font-family: arial, helvetica, sans-serif;\"><a href=\"https:\/\/fundacjawsparcie.eu\/wp-content\/uploads\/2016\/03\/Drozdowska-Konarzewska-SD\u015a.jpg\"><img loading=\"lazy\" decoding=\"async\" class=\"wp-image-703 alignleft\" src=\"https:\/\/fundacjawsparcie.eu\/wp-content\/uploads\/2016\/03\/Drozdowska-Konarzewska-SD\u015a-576x1024.jpg\" alt=\"Drozdowska, Konarzewska SD\u015a\" width=\"180\" height=\"320\" srcset=\"https:\/\/fundacjawsparcie.eu\/wp-content\/uploads\/2016\/03\/Drozdowska-Konarzewska-SD\u015a-576x1024.jpg 576w, https:\/\/fundacjawsparcie.eu\/wp-content\/uploads\/2016\/03\/Drozdowska-Konarzewska-SD\u015a-169x300.jpg 169w, https:\/\/fundacjawsparcie.eu\/wp-content\/uploads\/2016\/03\/Drozdowska-Konarzewska-SD\u015a-768x1365.jpg 768w, https:\/\/fundacjawsparcie.eu\/wp-content\/uploads\/2016\/03\/Drozdowska-Konarzewska-SD\u015a.jpg 1836w\" sizes=\"auto, (max-width: 180px) 100vw, 180px\" \/><\/a><a href=\"https:\/\/fundacjawsparcie.eu\/wp-content\/uploads\/2016\/03\/Slajd2.jpg\"><img loading=\"lazy\" decoding=\"async\" class=\"wp-image-829 alignright\" src=\"https:\/\/fundacjawsparcie.eu\/wp-content\/uploads\/2016\/03\/Slajd2.jpg\" alt=\"Slajd2\" width=\"424\" height=\"318\" srcset=\"https:\/\/fundacjawsparcie.eu\/wp-content\/uploads\/2016\/03\/Slajd2.jpg 960w, https:\/\/fundacjawsparcie.eu\/wp-content\/uploads\/2016\/03\/Slajd2-300x225.jpg 300w, https:\/\/fundacjawsparcie.eu\/wp-content\/uploads\/2016\/03\/Slajd2-768x576.jpg 768w\" sizes=\"auto, (max-width: 424px) 100vw, 424px\" \/><\/a><\/span><\/h4>\n<h4><\/h4>\n<h4><\/h4>\n<h4><\/h4>\n<h4><\/h4>\n<h4><\/h4>\n<h4><\/h4>\n<h4><\/h4>\n<h4>\u00a0<span style=\"color: #003366;\"><span style=\"font-family: arial, helvetica, sans-serif;\">Wielu podopiecznych nie chce aby ich fotografowa\u0107. Wstydz\u0105 si\u0119 swojego wygl\u0105du i swojej staro\u015bci.<\/span>\u00a0<\/span><\/h4>\n<h4><\/h4>\n<h4 style=\"text-align: left;\"><span style=\"font-family: arial, helvetica, sans-serif; color: #800000;\"><strong>Od 9.05.2016 rozpocz\u0119\u0142y si\u0119 porady eksperckie dla wolontariuszy i ich podopiecznych bior\u0105cych udzia\u0142 w projekcie.<\/strong><\/span><\/h4>\n<h4 style=\"text-align: left;\"><span style=\"font-family: arial, helvetica, sans-serif; color: #003366;\"><strong>Porad wed\u0142ug przekazanych harmonogram\u00f3w udzielaj\u0105: prawnik, psycholog, pracownik socjalny i piel\u0119gniarka.<\/strong><\/span><\/h4>\n<h4 style=\"text-align: center;\"><a href=\"https:\/\/fundacjawsparcie.eu\/wp-content\/uploads\/2016\/03\/Senior-dla-seniora-19.05.2016.jpg\"><img loading=\"lazy\" decoding=\"async\" class=\"wp-image-557 alignleft\" src=\"https:\/\/fundacjawsparcie.eu\/wp-content\/uploads\/2016\/03\/Senior-dla-seniora-19.05.2016.jpg\" alt=\"Senior dla seniora 19.05.2016\" width=\"393\" height=\"295\" srcset=\"https:\/\/fundacjawsparcie.eu\/wp-content\/uploads\/2016\/03\/Senior-dla-seniora-19.05.2016.jpg 960w, https:\/\/fundacjawsparcie.eu\/wp-content\/uploads\/2016\/03\/Senior-dla-seniora-19.05.2016-300x225.jpg 300w, https:\/\/fundacjawsparcie.eu\/wp-content\/uploads\/2016\/03\/Senior-dla-seniora-19.05.2016-768x576.jpg 768w\" sizes=\"auto, (max-width: 393px) 100vw, 393px\" \/><\/a><strong><span style=\"color: #000080;\"><a href=\"https:\/\/fundacjawsparcie.eu\/wp-content\/uploads\/2016\/03\/Senior-dla-seniora-prac-socjalny.jpg\"><img loading=\"lazy\" decoding=\"async\" class=\"wp-image-620 alignright\" src=\"https:\/\/fundacjawsparcie.eu\/wp-content\/uploads\/2016\/03\/Senior-dla-seniora-prac-socjalny-300x225.jpg\" alt=\"Senior dla seniora prac socjalny\" width=\"393\" height=\"295\" srcset=\"https:\/\/fundacjawsparcie.eu\/wp-content\/uploads\/2016\/03\/Senior-dla-seniora-prac-socjalny-300x225.jpg 300w, https:\/\/fundacjawsparcie.eu\/wp-content\/uploads\/2016\/03\/Senior-dla-seniora-prac-socjalny-768x576.jpg 768w, https:\/\/fundacjawsparcie.eu\/wp-content\/uploads\/2016\/03\/Senior-dla-seniora-prac-socjalny.jpg 960w\" sizes=\"auto, (max-width: 393px) 100vw, 393px\" \/><\/a><\/span><\/strong><\/h4>\n<h3><\/h3>\n<h3><\/h3>\n<h3><\/h3>\n<h3><\/h3>\n<h3><\/h3>\n<h3><\/h3>\n<p>&nbsp;<\/p>\n<hr \/>\n<h4 style=\"text-align: left;\"><span style=\"color: #808000; font-family: arial, helvetica, sans-serif;\"><strong>Trzecie spotkanie dla I grupy<\/strong><\/span><\/h4>\n<h4 style=\"text-align: left;\"><span style=\"font-family: arial, helvetica, sans-serif; color: #003366;\">Dzi\u015b tj. 20.07.2016r. na spotkaniu by\u0142 z nami pracownik socjalny warszawskiego szpitala. Pani Monika opowiedzia\u0142a o roli pomocy spo\u0142ecznej w organizacji opieki nad seniorem niesamodzielnym. Przekaza\u0142a wskaz\u00f3wki jak dotrze\u0107 do specjalist\u00f3w i gdzie szuka\u0107 wiadomo\u015bci. Wolontariusze wsp\u00f3lnie z koordynatorem om\u00f3wili problemy z kt\u00f3rymi borykaj\u0105 si\u0119 w czasie wolontariatu. Wsp\u00f3lnie te\u017c rozmawiali\u015bmy o wspieraniu rodzin i os\u00f3b chorych na choroby ot\u0119pienie.<\/span><\/h4>\n<p><a href=\"https:\/\/fundacjawsparcie.eu\/wp-content\/uploads\/2016\/03\/szkolenie-20.07.2016-2.jpg\"><img loading=\"lazy\" decoding=\"async\" class=\"wp-image-846 alignleft\" src=\"https:\/\/fundacjawsparcie.eu\/wp-content\/uploads\/2016\/03\/szkolenie-20.07.2016-2.jpg\" alt=\"szkolenie 20.07.2016 2\" width=\"390\" height=\"293\" srcset=\"https:\/\/fundacjawsparcie.eu\/wp-content\/uploads\/2016\/03\/szkolenie-20.07.2016-2.jpg 960w, https:\/\/fundacjawsparcie.eu\/wp-content\/uploads\/2016\/03\/szkolenie-20.07.2016-2-300x225.jpg 300w, https:\/\/fundacjawsparcie.eu\/wp-content\/uploads\/2016\/03\/szkolenie-20.07.2016-2-768x576.jpg 768w\" sizes=\"auto, (max-width: 390px) 100vw, 390px\" \/><\/a><\/p>\n<h3><\/h3>\n<h3><\/h3>\n<h3><\/h3>\n<h3><\/h3>\n<h3><\/h3>\n<h3><\/h3>\n<h3><\/h3>\n<h4 style=\"text-align: left;\"><span style=\"color: #808000; font-family: arial, helvetica, sans-serif;\"><strong>Drugie spotkanie dla I grupy.<\/strong><\/span><\/h4>\n<h4 style=\"text-align: justify;\"><span style=\"font-family: arial, helvetica, sans-serif; color: #003366;\">Dzi\u015b na spotkaniu wolontariusze dowiedzieli si\u0119 o organizacji opieki d\u0142ugoterminowej i aspektach prawnych zwi\u0105zanych w umieszczaniem w DPS i ZOL. Zaj\u0119cia poprowadzi\u0142a \u00a0p. Barbara piel\u0119gniarka z du\u017cym do\u015bwiadczeniem w pracy na oddzia\u0142ach szpitalnych. Natomiast koordynatorka projektu Agata Anusiewicz zainicjowa\u0142a temat poprawy jako\u015bci \u017cycia seniora. Rozpocz\u0119\u0142a si\u0119 \u017cywio\u0142owa dyskusja. Wszyscy jednoznacznie stwierdzili, \u017ce odpowiednia dieta, pogoda ducha i pozytywne nastawienie do \u017cycia sprawiaj\u0105 \u017ce \u017cyje si\u0119 lepiej. Trzeba mie\u0107 jaki\u015b cel, hobby i zainteresowania. Dlatego te\u017c zastanawiali\u015bmy si\u0119 jaki potencja\u0142 drzemie w naszych podopiecznych i jak go wykorzysta\u0107. Wolontariusze postanowili baczniej przyjrze\u0107 si\u0119 historii swoich podopiecznych.<\/span><\/h4>\n<p><a href=\"https:\/\/fundacjawsparcie.eu\/wp-content\/uploads\/2016\/03\/slajd-1-1.jpg\"><img loading=\"lazy\" decoding=\"async\" class=\"wp-image-805 alignleft\" src=\"https:\/\/fundacjawsparcie.eu\/wp-content\/uploads\/2016\/03\/slajd-1-1.jpg\" alt=\"slajd 1-1\" width=\"386\" height=\"289\" srcset=\"https:\/\/fundacjawsparcie.eu\/wp-content\/uploads\/2016\/03\/slajd-1-1.jpg 960w, https:\/\/fundacjawsparcie.eu\/wp-content\/uploads\/2016\/03\/slajd-1-1-300x225.jpg 300w, https:\/\/fundacjawsparcie.eu\/wp-content\/uploads\/2016\/03\/slajd-1-1-768x576.jpg 768w\" sizes=\"auto, (max-width: 386px) 100vw, 386px\" \/><\/a><\/p>\n<p><a href=\"https:\/\/fundacjawsparcie.eu\/wp-content\/uploads\/2016\/03\/slajdy-2-1.jpg\"><img loading=\"lazy\" decoding=\"async\" class=\"wp-image-806 alignleft\" src=\"https:\/\/fundacjawsparcie.eu\/wp-content\/uploads\/2016\/03\/slajdy-2-1.jpg\" alt=\"slajdy 2-1\" width=\"390\" height=\"292\" srcset=\"https:\/\/fundacjawsparcie.eu\/wp-content\/uploads\/2016\/03\/slajdy-2-1.jpg 960w, https:\/\/fundacjawsparcie.eu\/wp-content\/uploads\/2016\/03\/slajdy-2-1-300x225.jpg 300w, https:\/\/fundacjawsparcie.eu\/wp-content\/uploads\/2016\/03\/slajdy-2-1-768x576.jpg 768w\" sizes=\"auto, (max-width: 390px) 100vw, 390px\" \/><\/a><\/p>\n<h3><\/h3>\n<h3><\/h3>\n<h3><\/h3>\n<h3><\/h3>\n<h3><\/h3>\n<h3><\/h3>\n<h3><\/h3>\n<h4 style=\"text-align: left;\"><span style=\"font-family: arial, helvetica, sans-serif; color: #808000;\"><strong>Pierwsze spotkanie dla I grupy za nami.<\/strong><\/span><\/h4>\n<h4 style=\"text-align: justify;\"><span style=\"font-family: arial, helvetica, sans-serif; color: #003366;\">Seniorzy wolontariusze przybyli zgodnie z wcze\u015bniejszym zg\u0142oszeniem. Na spotkaniu zosta\u0142y om\u00f3wione zasady pracy wolontariusza, jego prawa i obowi\u0105zki. Wsp\u00f3lnie zastanawiali\u015bmy si\u0119 nad sposobem dotarcia do senior\u00f3w potrzebuj\u0105cych wsparcia i om\u00f3wili\u015bmy jego potrzeby. Psycholog nakre\u015bli\u0142 miedzy innymi zasady dobrej komunikacji. A ratownik medyczny opowiedzia\u0142 o udzielaniu pierwszej pomocy w nag\u0142ych przypadkach u senior\u00f3w. Wolontariuszom zosta\u0142 przekazany poradnik w, kt\u00f3rym by\u0142y zapisane mi\u0119dzy innymi pomocne instytucje.\u00a0Atmosfera bardzo pozytywna, osoby bardzo zainteresowane i zaanga\u017cowane. Teraz przez okres oko\u0142o 3 miesi\u0119cy b\u0119dziemy poszukiwa\u0107 wsp\u00f3lnie os\u00f3b potrzebuj\u0105cych, senior\u00f3w 70+. W trakcie tych 3 miesi\u0119cy wolontariusze i ich podopieczni b\u0119d\u0105 mogli korzysta\u0107 z porad ekspert\u00f3w: psycholog, prawnik, piel\u0119gniarka, pracownik socjalny. Porady eksperckie b\u0119d\u0105 si\u0119 odbywa\u0107 zgodnie z przekazanym harmonogramem.<\/span><\/h4>\n<h4 style=\"text-align: justify;\"><a href=\"https:\/\/fundacjawsparcie.eu\/wp-content\/uploads\/2016\/03\/Senior-dla-seniora-05.05.16.jpg\"><img loading=\"lazy\" decoding=\"async\" class=\"wp-image-488 alignleft\" src=\"https:\/\/fundacjawsparcie.eu\/wp-content\/uploads\/2016\/03\/Senior-dla-seniora-05.05.16.jpg\" alt=\"Senior dla seniora-05.05.16\" width=\"390\" height=\"292\" srcset=\"https:\/\/fundacjawsparcie.eu\/wp-content\/uploads\/2016\/03\/Senior-dla-seniora-05.05.16.jpg 960w, https:\/\/fundacjawsparcie.eu\/wp-content\/uploads\/2016\/03\/Senior-dla-seniora-05.05.16-300x225.jpg 300w, https:\/\/fundacjawsparcie.eu\/wp-content\/uploads\/2016\/03\/Senior-dla-seniora-05.05.16-768x576.jpg 768w\" sizes=\"auto, (max-width: 390px) 100vw, 390px\" \/><\/a><a href=\"https:\/\/fundacjawsparcie.eu\/wp-content\/uploads\/2016\/03\/Senior-dla-seniora-02.jpg\"><img loading=\"lazy\" decoding=\"async\" class=\"wp-image-489 alignleft\" src=\"https:\/\/fundacjawsparcie.eu\/wp-content\/uploads\/2016\/03\/Senior-dla-seniora-02.jpg\" alt=\"Senior dla seniora 02\" width=\"390\" height=\"293\" srcset=\"https:\/\/fundacjawsparcie.eu\/wp-content\/uploads\/2016\/03\/Senior-dla-seniora-02.jpg 960w, https:\/\/fundacjawsparcie.eu\/wp-content\/uploads\/2016\/03\/Senior-dla-seniora-02-300x225.jpg 300w, https:\/\/fundacjawsparcie.eu\/wp-content\/uploads\/2016\/03\/Senior-dla-seniora-02-768x576.jpg 768w\" sizes=\"auto, (max-width: 390px) 100vw, 390px\" \/><\/a><\/h4>\n<h4><\/h4>\n<h4><\/h4>\n<h4><\/h4>\n<h4><\/h4>\n<h4><\/h4>\n<h4><\/h4>\n<h4><\/h4>\n<hr \/>\n<h4 style=\"text-align: justify;\"><span style=\"color: #003366; font-family: arial, helvetica, sans-serif;\">Dawanie jest sztuk\u0105. Jest pi\u0119kne, je\u015bli jest natychmiastowe, bez oceniania sytuacji, bez jakiejkolwiek kalkulacji, wprost z serca. Jest pi\u0119kne, je\u015bli przynosi rado\u015b\u0107 zar\u00f3wno darczy\u0144cy, jak i obdarowanemu. Dawanie jest \u015bwiadectwem mi\u0142o\u015bci, jej manifestacj\u0105 i przep\u0142ywem.Uczymy si\u0119 dawa\u0107 siebie poprzez udzia\u0142 we wszystkich formach dzia\u0142alno\u015bci Fundacji. Jednak w najbardziej wyrazisty spos\u00f3b uczy tego program propagowania idei i rozwoju wolontariatu. Zapraszamy do udzia\u0142u w naszym projekcie<\/span><\/h4>\n<h4 style=\"text-align: center;\"><strong><a href=\"https:\/\/fundacjawsparcie.eu\/wp-content\/uploads\/2016\/04\/13043560_613323268815651_6481272407401620585_n.jpg\" rel=\"attachment wp-att-472\"><img loading=\"lazy\" decoding=\"async\" class=\"wp-image-472 alignleft\" src=\"https:\/\/fundacjawsparcie.eu\/wp-content\/uploads\/2016\/04\/13043560_613323268815651_6481272407401620585_n-300x225.jpg\" alt=\"13043560_613323268815651_6481272407401620585_n\" width=\"395\" height=\"296\" srcset=\"https:\/\/fundacjawsparcie.eu\/wp-content\/uploads\/2016\/04\/13043560_613323268815651_6481272407401620585_n-300x225.jpg 300w, https:\/\/fundacjawsparcie.eu\/wp-content\/uploads\/2016\/04\/13043560_613323268815651_6481272407401620585_n-768x576.jpg 768w, https:\/\/fundacjawsparcie.eu\/wp-content\/uploads\/2016\/04\/13043560_613323268815651_6481272407401620585_n.jpg 960w\" sizes=\"auto, (max-width: 395px) 100vw, 395px\" \/><\/a><\/strong><\/h4>\n<h4><\/h4>\n<h4><\/h4>\n<h4><\/h4>\n<h4><\/h4>\n<h4><\/h4>\n<h4><\/h4>\n<h4><\/h4>\n<hr \/>\n<h4 style=\"text-align: center;\"><strong><a href=\"https:\/\/fundacjawsparcie.eu\/wp-content\/uploads\/2016\/03\/bia\u0142a_wsp\u00f3\u0142fin.png\" rel=\"attachment wp-att-397\"><img loading=\"lazy\" decoding=\"async\" class=\"wp-image-397 size-thumbnail alignleft\" src=\"https:\/\/fundacjawsparcie.eu\/wp-content\/uploads\/2016\/03\/bia\u0142a_wsp\u00f3\u0142fin-150x150.png\" alt=\"bia\u0142a_wsp\u00f3\u0142fin\" width=\"150\" height=\"150\" \/><\/a><\/strong><\/h4>\n<h4 style=\"text-align: left;\"><span style=\"color: #0000ff;\"><span style=\"font-family: arial, helvetica, sans-serif;\"><strong>Fundacja Wsparcie rozpoczyna projekt\u00a0<\/strong><\/span><strong><em><span style=\"font-family: arial, helvetica, sans-serif;\">\u201eSenior dla Seniora \u2013 wsparcie poprzez wolontariat\u201d.<\/span><\/em><\/strong><\/span><\/h4>\n<h4 style=\"text-align: left;\"><span style=\"font-family: arial, helvetica, sans-serif; color: #003366;\">Najistotniejsz\u0105 kwesti\u0105 projektu jest utrzymanie samodzielno\u015bci oraz wsparcie w miejscu zamieszkania os\u00f3b starszych i \u017cyj\u0105cych w izolacji. Ponadto celem zadania jest integracja \u015brodowiskowa ze szczeg\u00f3lnym naciskiem na wzajemne zrozumienie wynikaj\u0105ce z dzia\u0142a\u0144 o charakterze jednopokoleniowym. Dialog na tej samej p\u0142aszczy\u017anie pokoleniowej przyczyni\u0107 si\u0119 mo\u017ce do wi\u0119kszego zrozumienia i zaufania. Projekt w spos\u00f3b szczeg\u00f3lny uwzgl\u0119dnia zaanga\u017cowanie senior\u00f3w &#8211; sprawnych fizycznie, nieaktywnych zawodowo os\u00f3b w wieku 60+ w formie wolontariatu.<\/span><\/h4>\n<h4 style=\"text-align: left;\"><span style=\"font-family: arial, helvetica, sans-serif; color: #003366;\">Zainteresowanych senior\u00f3w zach\u0119camy do udzia\u0142u w naszym projekcie, w kt\u00f3rym nauczymy jak wspiera\u0107 osoby potrzebuj\u0105ce pomocy.<\/span><\/h4>\n<h4 style=\"text-align: left;\"><span style=\"color: #003366; font-family: arial, helvetica, sans-serif;\">Je\u017celi jeste\u015b zainteresowany zapraszamy do kontaktu:<\/span><\/h4>\n<h4 style=\"text-align: left;\"><span style=\"font-family: arial, helvetica, sans-serif; color: #003366;\"><strong>Koordynator projektu &#8211; Agata Anusiewicz<\/strong><\/span><\/h4>\n<h4 style=\"text-align: left;\"><span style=\"font-family: arial, helvetica, sans-serif; color: #003366;\"><strong>tel: 501\u00a0823\u00a0644<\/strong><\/span><\/h4>\n<h4 style=\"text-align: left;\"><span style=\"font-family: arial, helvetica, sans-serif; color: #003366;\"><strong>biuro: ul. Borowskiego 2 lokal 321 Warszawa<\/strong><\/span><\/h4>\n<h4 style=\"text-align: left;\"><span style=\"font-family: arial, helvetica, sans-serif; color: #003366;\">email: <a href=\"mailto:fundacjawsparcie@os.pl\">fundacjawsparcie@os.pl<\/a><\/span><\/h4>\n<h4 style=\"text-align: left;\"><span style=\"font-family: arial, helvetica, sans-serif; color: #003366;\"><a href=\"http:\/\/www.fundacjawsparcie.eu\">www.fundacjawsparcie.eu<\/a><\/span><\/h4>\n<h4 style=\"text-align: left;\"><span style=\"font-family: arial, helvetica, sans-serif; color: #003366;\"><strong>Zapraszamy do wype\u0142nienia i wys\u0142ania formularza.<\/strong><\/span><\/h4>\n<p style=\"padding-left: 30px;\"><span style=\"font-family: arial, helvetica, sans-serif; color: #003366;\">\n<div class=\"wpcf7 no-js\" id=\"wpcf7-f39-o1\" lang=\"pl-PL\" dir=\"ltr\" data-wpcf7-id=\"39\">\n<div class=\"screen-reader-response\"><p role=\"status\" aria-live=\"polite\" aria-atomic=\"true\"><\/p> <ul><\/ul><\/div>\n<form action=\"\/index.php\/wp-json\/wp\/v2\/posts\/396#wpcf7-f39-o1\" method=\"post\" class=\"wpcf7-form init\" aria-label=\"Formularz kontaktowy\" novalidate=\"novalidate\" data-status=\"init\">\n<fieldset class=\"hidden-fields-container\"><input type=\"hidden\" name=\"_wpcf7\" value=\"39\" \/><input type=\"hidden\" name=\"_wpcf7_version\" value=\"6.1.5\" \/><input type=\"hidden\" name=\"_wpcf7_locale\" value=\"pl_PL\" \/><input type=\"hidden\" name=\"_wpcf7_unit_tag\" value=\"wpcf7-f39-o1\" \/><input type=\"hidden\" name=\"_wpcf7_container_post\" value=\"0\" \/><input type=\"hidden\" name=\"_wpcf7_posted_data_hash\" value=\"\" \/>\n<\/fieldset>\n<p>Imi\u0119 i nazwisko (wymagane)\n<\/p>\n<p><span class=\"wpcf7-form-control-wrap\" data-name=\"imie\"><input size=\"40\" maxlength=\"400\" class=\"wpcf7-form-control wpcf7-text wpcf7-validates-as-required\" aria-required=\"true\" aria-invalid=\"false\" value=\"\" type=\"text\" name=\"imie\" \/><\/span>\n<\/p>\n<p>Numer telefonu (wymagane)\n<\/p>\n<p><span class=\"wpcf7-form-control-wrap\" data-name=\"telefon\"><input size=\"40\" maxlength=\"400\" class=\"wpcf7-form-control wpcf7-text wpcf7-validates-as-required\" aria-required=\"true\" aria-invalid=\"false\" value=\"\" type=\"text\" name=\"telefon\" \/><\/span>\n<\/p>\n<p>Adres email (wymagane)\n<\/p>\n<p><span class=\"wpcf7-form-control-wrap\" data-name=\"mail\"><input size=\"40\" maxlength=\"400\" class=\"wpcf7-form-control wpcf7-email wpcf7-validates-as-required wpcf7-text wpcf7-validates-as-email\" aria-required=\"true\" aria-invalid=\"false\" value=\"\" type=\"email\" name=\"mail\" \/><\/span>\n<\/p>\n<p>O projekcie dowiedzia\u0142e\u015b si\u0119 z\n<\/p>\n<p><span class=\"wpcf7-form-control-wrap\" data-name=\"zrodlo\"><span class=\"wpcf7-form-control wpcf7-radio\"><span class=\"wpcf7-list-item first\"><input type=\"radio\" name=\"zrodlo\" value=\"ze strony Fundacji Wsparcie\" \/><span class=\"wpcf7-list-item-label\">ze strony Fundacji Wsparcie<\/span><\/span><span class=\"wpcf7-list-item\"><input type=\"radio\" name=\"zrodlo\" value=\"z internetu\" \/><span class=\"wpcf7-list-item-label\">z internetu<\/span><\/span><span class=\"wpcf7-list-item\"><input type=\"radio\" name=\"zrodlo\" value=\"z plakat\u00f3w\" \/><span class=\"wpcf7-list-item-label\">z plakat\u00f3w<\/span><\/span><span class=\"wpcf7-list-item\"><input type=\"radio\" name=\"zrodlo\" value=\"od rodziny\/znajomych\" \/><span class=\"wpcf7-list-item-label\">od rodziny\/znajomych<\/span><\/span><span class=\"wpcf7-list-item last\"><input type=\"radio\" name=\"zrodlo\" value=\"z innego \u017ar\u00f3d\u0142a\" \/><span class=\"wpcf7-list-item-label\">z innego \u017ar\u00f3d\u0142a<\/span><\/span><\/span><\/span>\n<\/p>\n<p>Czy zajmowa\u0142e\u015b\/\u0142a\u015b si\u0119 ju\u017c wolontariatem?\n<\/p>\n<p><span class=\"wpcf7-form-control-wrap\" data-name=\"wczesniej\"><span class=\"wpcf7-form-control wpcf7-radio\"><span class=\"wpcf7-list-item first\"><input type=\"radio\" name=\"wczesniej\" value=\"tak\" \/><span class=\"wpcf7-list-item-label\">tak<\/span><\/span><span class=\"wpcf7-list-item last\"><input type=\"radio\" name=\"wczesniej\" value=\"nie\" \/><span class=\"wpcf7-list-item-label\">nie<\/span><\/span><\/span><\/span>\n<\/p>\n<p>Ile czasu mo\u017cesz po\u015bwi\u0119ci\u0107 na wolontariat?\n<\/p>\n<p><span class=\"wpcf7-form-control-wrap\" data-name=\"godziny\"><input size=\"40\" maxlength=\"400\" class=\"wpcf7-form-control wpcf7-text\" aria-invalid=\"false\" value=\"\" type=\"text\" name=\"godziny\" \/><\/span> godzin w tygodniu\n<\/p>\n<p>Jakie s\u0105 dla Ciebie dogodne dni do dzia\u0142a\u0144?\n<\/p>\n<p><span class=\"wpcf7-form-control-wrap\" data-name=\"tydzien\"><span class=\"wpcf7-form-control wpcf7-checkbox\"><span class=\"wpcf7-list-item first\"><input type=\"checkbox\" name=\"tydzien[]\" value=\"poniedzia\u0142ek\" \/><span class=\"wpcf7-list-item-label\">poniedzia\u0142ek<\/span><\/span><span class=\"wpcf7-list-item\"><input type=\"checkbox\" name=\"tydzien[]\" value=\"wtorek\" \/><span class=\"wpcf7-list-item-label\">wtorek<\/span><\/span><span class=\"wpcf7-list-item\"><input type=\"checkbox\" name=\"tydzien[]\" value=\"\u015broda\" \/><span class=\"wpcf7-list-item-label\">\u015broda<\/span><\/span><span class=\"wpcf7-list-item\"><input type=\"checkbox\" name=\"tydzien[]\" value=\"czwartek\" \/><span class=\"wpcf7-list-item-label\">czwartek<\/span><\/span><span class=\"wpcf7-list-item\"><input type=\"checkbox\" name=\"tydzien[]\" value=\"pi\u0105tek\" \/><span class=\"wpcf7-list-item-label\">pi\u0105tek<\/span><\/span><span class=\"wpcf7-list-item\"><input type=\"checkbox\" name=\"tydzien[]\" value=\"sobota\" \/><span class=\"wpcf7-list-item-label\">sobota<\/span><\/span><span class=\"wpcf7-list-item last\"><input type=\"checkbox\" name=\"tydzien[]\" value=\"niedziela\" \/><span class=\"wpcf7-list-item-label\">niedziela<\/span><\/span><\/span><\/span>\n<\/p>\n<p>Dlaczego wybra\u0142e\u015b\/\u0142a\u015b wolontariat dla os\u00f3b starszych?\n<\/p>\n<p><span class=\"wpcf7-form-control-wrap\" data-name=\"dlaczego\"><textarea cols=\"40\" rows=\"10\" maxlength=\"2000\" class=\"wpcf7-form-control wpcf7-textarea\" aria-invalid=\"false\" name=\"dlaczego\"><\/textarea><\/span>\n<\/p>\n<p>Chcesz zosta\u0107 wolontariuszem poniewa\u017c\n<\/p>\n<p><span class=\"wpcf7-form-control-wrap\" data-name=\"wolontariusz\"><textarea cols=\"40\" rows=\"10\" maxlength=\"2000\" class=\"wpcf7-form-control wpcf7-textarea\" aria-invalid=\"false\" name=\"wolontariusz\"><\/textarea><\/span>\n<\/p>\n<p>Od wolontariatu oczekujesz\n<\/p>\n<p><span class=\"wpcf7-form-control-wrap\" data-name=\"oczekiwania\"><textarea cols=\"40\" rows=\"10\" maxlength=\"2000\" class=\"wpcf7-form-control wpcf7-textarea\" aria-invalid=\"false\" name=\"oczekiwania\"><\/textarea><\/span>\n<\/p>\n<p>Twoje zainteresowania, hobby\n<\/p>\n<p><span class=\"wpcf7-form-control-wrap\" data-name=\"zainteresowania\"><textarea cols=\"40\" rows=\"10\" maxlength=\"2000\" class=\"wpcf7-form-control wpcf7-textarea\" aria-invalid=\"false\" name=\"zainteresowania\"><\/textarea><\/span>\n<\/p>\n<p>Jakie talenty\/umiej\u0119tno\u015bci\/wiedz\u0119\/do\u015bwiadczenia posiadasz, kt\u00f3re mog\u0105 okaza\u0107 si\u0119 przydatne podczas wolontariatu\n<\/p>\n<p><span class=\"wpcf7-form-control-wrap\" data-name=\"umiejetnosci\"><textarea cols=\"40\" rows=\"10\" maxlength=\"2000\" class=\"wpcf7-form-control wpcf7-textarea\" aria-invalid=\"false\" name=\"umiejetnosci\"><\/textarea><\/span>\n<\/p>\n<p><span class=\"wpcf7-form-control-wrap\" data-name=\"zgoda\"><span class=\"wpcf7-form-control wpcf7-acceptance\"><span class=\"wpcf7-list-item\"><input type=\"checkbox\" name=\"zgoda\" value=\"1\" checked=\"checked\" aria-invalid=\"false\" \/><\/span><\/span><\/span> Wyra\u017cam zgod\u0119 na przetwarzanie moich danych osobowych na potrzeby Fundacji Wsparcie z siedzib\u0105<br \/>\nw Warszawie 01-960, ul. Przy Agorze 5 lok. 11 zgodnie z ustaw\u0105 z dnia 29.08.1997 r. o ochronie danych osobowych (Dz. U. Nr 133, poz.883 z p\u00f3\u017a. zm.) oraz przekazywanie ich do plac\u00f3wek, z kt\u00f3rymi Fundacja Wsparcie wsp\u00f3\u0142pracuje.\n<\/p>\n<p><input class=\"wpcf7-form-control wpcf7-submit has-spinner\" type=\"submit\" value=\"Wy\u015blij\" \/>\n<\/p><div class=\"wpcf7-response-output\" aria-hidden=\"true\"><\/div>\n<\/form>\n<\/div>\n<\/span><\/p>\n<p>&nbsp;<\/p>\n<p><a href=\"https:\/\/fundacjawsparcie.eu\/wp-content\/uploads\/2016\/03\/plakat-FW.jpg\" rel=\"attachment wp-att-402\"><img loading=\"lazy\" decoding=\"async\" class=\"alignleft wp-image-402 \" src=\"https:\/\/fundacjawsparcie.eu\/wp-content\/uploads\/2016\/03\/plakat-FW-724x1024.jpg\" alt=\"plakat FW\" width=\"501\" height=\"708\" srcset=\"https:\/\/fundacjawsparcie.eu\/wp-content\/uploads\/2016\/03\/plakat-FW-724x1024.jpg 724w, https:\/\/fundacjawsparcie.eu\/wp-content\/uploads\/2016\/03\/plakat-FW-212x300.jpg 212w, https:\/\/fundacjawsparcie.eu\/wp-content\/uploads\/2016\/03\/plakat-FW-768x1086.jpg 768w, https:\/\/fundacjawsparcie.eu\/wp-content\/uploads\/2016\/03\/plakat-FW.jpg 1448w\" sizes=\"auto, (max-width: 501px) 100vw, 501px\" \/><\/a><\/p>\n<p>&nbsp;<\/p>\n","protected":false},"excerpt":{"rendered":"<p>\u201eSenior dla Seniora \u2013 wsparcie poprzez wolontariat\u201d. Wsp\u00f3lne dzia\u0142ania wolontariuszy Na spotkanie przed\u015bwi\u0105teczne 9 grudnia 2016 r. ko\u0144cz\u0105ce projekt &#8221; Senior dla Seniora-wsparcie poprzez wolontariat przybyli wolontariusze ze swoimi podopiecznymi oraz eksperci udzielaj\u0105cy porad w czasie dzia\u0142a\u0144. Wszystkie osoby otrzyma\u0142y podzi\u0119kowania oraz drobne upominki. By\u0142a te\u017c wigilijna wieczerza oraz kol\u0119dowanie. W czasie \u017cycze\u0144 dzielili\u015bmy si\u0119 [&hellip;]<\/p>\n","protected":false},"author":1,"featured_media":0,"comment_status":"open","ping_status":"closed","sticky":false,"template":"","format":"aside","meta":{"footnotes":""},"categories":[3],"tags":[20,27],"class_list":["post-396","post","type-post","status-publish","format-aside","hentry","category-projekty","tag-pomagamy","tag-senior-dla-seniora","post_format-post-format-aside"],"blocksy_meta":{"styles_descriptor":{"styles":{"desktop":"","tablet":"","mobile":""},"google_fonts":[],"version":6}},"brizy_media":[],"_links":{"self":[{"href":"https:\/\/fundacjawsparcie.eu\/index.php\/wp-json\/wp\/v2\/posts\/396","targetHints":{"allow":["GET"]}}],"collection":[{"href":"https:\/\/fundacjawsparcie.eu\/index.php\/wp-json\/wp\/v2\/posts"}],"about":[{"href":"https:\/\/fundacjawsparcie.eu\/index.php\/wp-json\/wp\/v2\/types\/post"}],"author":[{"embeddable":true,"href":"https:\/\/fundacjawsparcie.eu\/index.php\/wp-json\/wp\/v2\/users\/1"}],"replies":[{"embeddable":true,"href":"https:\/\/fundacjawsparcie.eu\/index.php\/wp-json\/wp\/v2\/comments?post=396"}],"version-history":[{"count":105,"href":"https:\/\/fundacjawsparcie.eu\/index.php\/wp-json\/wp\/v2\/posts\/396\/revisions"}],"predecessor-version":[{"id":3493,"href":"https:\/\/fundacjawsparcie.eu\/index.php\/wp-json\/wp\/v2\/posts\/396\/revisions\/3493"}],"wp:attachment":[{"href":"https:\/\/fundacjawsparcie.eu\/index.php\/wp-json\/wp\/v2\/media?parent=396"}],"wp:term":[{"taxonomy":"category","embeddable":true,"href":"https:\/\/fundacjawsparcie.eu\/index.php\/wp-json\/wp\/v2\/categories?post=396"},{"taxonomy":"post_tag","embeddable":true,"href":"https:\/\/fundacjawsparcie.eu\/index.php\/wp-json\/wp\/v2\/tags?post=396"}],"curies":[{"name":"wp","href":"https:\/\/api.w.org\/{rel}","templated":true}]}}