{"id":3879,"date":"2018-04-26T18:14:21","date_gmt":"2018-04-26T16:14:21","guid":{"rendered":"http:\/\/fundacjawsparcie.eu\/?p=3879"},"modified":"2018-11-04T10:26:17","modified_gmt":"2018-11-04T09:26:17","slug":"program-wolontariatu-6","status":"publish","type":"post","link":"https:\/\/fundacjawsparcie.eu\/index.php\/2018\/04\/26\/program-wolontariatu-6\/","title":{"rendered":"Program Wolontariatu"},"content":{"rendered":"<h4 style=\"text-align: justify;\"><span style=\"font-family: arial, helvetica, sans-serif; color: #003366;\"><a href=\"https:\/\/fundacjawsparcie.eu\/wp-content\/uploads\/2017\/04\/de_Memo.png\"><img loading=\"lazy\" decoding=\"async\" class=\"wp-image-1688 alignleft\" src=\"https:\/\/fundacjawsparcie.eu\/wp-content\/uploads\/2017\/04\/de_Memo.png\" alt=\"\" width=\"268\" height=\"53\" srcset=\"https:\/\/fundacjawsparcie.eu\/wp-content\/uploads\/2017\/04\/de_Memo.png 1462w, https:\/\/fundacjawsparcie.eu\/wp-content\/uploads\/2017\/04\/de_Memo-300x59.png 300w, https:\/\/fundacjawsparcie.eu\/wp-content\/uploads\/2017\/04\/de_Memo-768x151.png 768w, https:\/\/fundacjawsparcie.eu\/wp-content\/uploads\/2017\/04\/de_Memo-1024x202.png 1024w\" sizes=\"auto, (max-width: 268px) 100vw, 268px\" \/><\/a>Kolejne spotkanie w ramach\u00a0\u00a0<span style=\"color: #800000;\"><strong><a style=\"color: #800000;\" href=\"https:\/\/fundacjawsparcie.eu\/index.php\/2017\/05\/03\/1961\/\">Programu Wolontariatu<\/a><\/strong> <span style=\"color: #003366;\">projektu<\/span> <span style=\"color: #808000;\"><a style=\"color: #808000;\" href=\"https:\/\/fundacjawsparcie.eu\/index.php\/2017\/04\/03\/dememo\/#more-1623\"><strong>deMemo<\/strong><\/a><\/span><\/span>\u00a0odbylo si\u0119 25.04.2018 r. godz. 17.00 ul. Ko\u015bciuszkowc\u00f3w 80, suterena . Temat to: <strong><span style=\"color: #0000ff;\">\u201eWsparcie bliskich i opiekun\u00f3w os\u00f3b zale\u017cnych\u201d<\/span><\/strong> spotkanie poprowadzi\u0142a pedagog Aneta Jesionek-Khadka<span style=\"color: #9999ff;\"><strong>\u00a0<\/strong><\/span><\/span><\/h4>\n<p><!--more--><\/p>\n<p>[WRGF id=4179]<\/p>\n","protected":false},"excerpt":{"rendered":"<p>Kolejne spotkanie w ramach\u00a0\u00a0Programu Wolontariatu projektu deMemo\u00a0odbylo si\u0119 25.04.2018 r. godz. 17.00 ul. Ko\u015bciuszkowc\u00f3w 80, suterena . Temat to: \u201eWsparcie bliskich i opiekun\u00f3w os\u00f3b zale\u017cnych\u201d spotkanie poprowadzi\u0142a pedagog Aneta Jesionek-Khadka\u00a0<\/p>\n","protected":false},"author":1,"featured_media":0,"comment_status":"open","ping_status":"closed","sticky":false,"template":"","format":"standard","meta":{"footnotes":""},"categories":[3],"tags":[39,42],"class_list":["post-3879","post","type-post","status-publish","format-standard","hentry","category-projekty","tag-dememo","tag-wolontariat"],"blocksy_meta":{"styles_descriptor":{"styles":{"desktop":"","tablet":"","mobile":""},"google_fonts":[],"version":6}},"brizy_media":[],"_links":{"self":[{"href":"https:\/\/fundacjawsparcie.eu\/index.php\/wp-json\/wp\/v2\/posts\/3879","targetHints":{"allow":["GET"]}}],"collection":[{"href":"https:\/\/fundacjawsparcie.eu\/index.php\/wp-json\/wp\/v2\/posts"}],"about":[{"href":"https:\/\/fundacjawsparcie.eu\/index.php\/wp-json\/wp\/v2\/types\/post"}],"author":[{"embeddable":true,"href":"https:\/\/fundacjawsparcie.eu\/index.php\/wp-json\/wp\/v2\/users\/1"}],"replies":[{"embeddable":true,"href":"https:\/\/fundacjawsparcie.eu\/index.php\/wp-json\/wp\/v2\/comments?post=3879"}],"version-history":[{"count":7,"href":"https:\/\/fundacjawsparcie.eu\/index.php\/wp-json\/wp\/v2\/posts\/3879\/revisions"}],"predecessor-version":[{"id":4496,"href":"https:\/\/fundacjawsparcie.eu\/index.php\/wp-json\/wp\/v2\/posts\/3879\/revisions\/4496"}],"wp:attachment":[{"href":"https:\/\/fundacjawsparcie.eu\/index.php\/wp-json\/wp\/v2\/media?parent=3879"}],"wp:term":[{"taxonomy":"category","embeddable":true,"href":"https:\/\/fundacjawsparcie.eu\/index.php\/wp-json\/wp\/v2\/categories?post=3879"},{"taxonomy":"post_tag","embeddable":true,"href":"https:\/\/fundacjawsparcie.eu\/index.php\/wp-json\/wp\/v2\/tags?post=3879"}],"curies":[{"name":"wp","href":"https:\/\/api.w.org\/{rel}","templated":true}]}}