{"id":3813,"date":"2018-04-15T19:21:20","date_gmt":"2018-04-15T17:21:20","guid":{"rendered":"http:\/\/fundacjawsparcie.eu\/?p=3813"},"modified":"2018-08-03T16:44:32","modified_gmt":"2018-08-03T14:44:32","slug":"3813","status":"publish","type":"post","link":"https:\/\/fundacjawsparcie.eu\/index.php\/2018\/04\/15\/3813\/","title":{"rendered":"Leki Z Naturalnej Apteki"},"content":{"rendered":"<h4 style=\"text-align: justify;\"><span style=\"color: #003366; font-family: arial, helvetica, sans-serif;\"><strong><span style=\"color: #800000;\"><a href=\"https:\/\/fundacjawsparcie.eu\/wp-content\/uploads\/2018\/04\/logo2.jpg\"><img loading=\"lazy\" decoding=\"async\" class=\"wp-image-3815 alignleft\" src=\"https:\/\/fundacjawsparcie.eu\/wp-content\/uploads\/2018\/04\/logo2.jpg\" alt=\"\" width=\"324\" height=\"181\" srcset=\"https:\/\/fundacjawsparcie.eu\/wp-content\/uploads\/2018\/04\/logo2.jpg 960w, https:\/\/fundacjawsparcie.eu\/wp-content\/uploads\/2018\/04\/logo2-300x167.jpg 300w, https:\/\/fundacjawsparcie.eu\/wp-content\/uploads\/2018\/04\/logo2-768x428.jpg 768w\" sizes=\"auto, (max-width: 324px) 100vw, 324px\" \/><\/a>Leki z naturalnej apteki<\/span><\/strong> to projekt, w kt\u00f3rym chcemy zwr\u00f3ci\u0107 szczeg\u00f3ln\u0105 uwag\u0119\u00a0na pog\u0142\u0119biaj\u0105cy si\u0119 problem jakim jest nadu\u017cywanie lek\u00f3w w\u015br\u00f3d senior\u00f3w czyli polipragmazja, a tak\u017ce wskaza\u0107 inne sposoby na polepszenie jako\u015bci \u017cycia seniora.<\/span><!--more--><\/h4>\n<h4 style=\"text-align: justify;\"><span style=\"font-family: arial, helvetica, sans-serif; color: #003366;\">Projekt zak\u0142ada:<\/span><\/h4>\n<ol style=\"text-align: justify;\">\n<li>\n<h4><span style=\"font-family: arial, helvetica, sans-serif; color: #003366;\">Propagowanie idei wypoczynku na \u015bwie\u017cym powietrzu, pobudzaj\u0105c wszystkie zmys\u0142y. Planujemy rozpocz\u0105\u0107 tworzenie <strong><span style=\"color: #808000;\">Ogrodu S\u0105siedzkiego z elementami sensorycznymi<\/span><\/strong>\u00a0na terenie WCK Zast\u00f3w. Pozyskali\u015bmy ju\u017c nasiona od firmy<a href=\"http:\/\/nasiona.pl\/\"><img loading=\"lazy\" decoding=\"async\" class=\"wp-image-3857 alignnone\" src=\"https:\/\/fundacjawsparcie.eu\/wp-content\/uploads\/2018\/04\/logo-POLAN-1.png\" alt=\"\" width=\"104\" height=\"29\" srcset=\"https:\/\/fundacjawsparcie.eu\/wp-content\/uploads\/2018\/04\/logo-POLAN-1.png 357w, https:\/\/fundacjawsparcie.eu\/wp-content\/uploads\/2018\/04\/logo-POLAN-1-300x84.png 300w\" sizes=\"auto, (max-width: 104px) 100vw, 104px\" \/><\/a> <span style=\"color: #9999ff;\">.<\/span> Nasiona zosta\u0142y cz\u0119\u015bciowo wysiane w czasie zaj\u0119\u0107 17 kwietnia. <a href=\"https:\/\/fundacjawsparcie.eu\/wp-content\/uploads\/2018\/04\/30739701_986159624865345_7812217539131342848_n.jpg\"><img loading=\"lazy\" decoding=\"async\" class=\"size-thumbnail wp-image-3858 alignright\" src=\"https:\/\/fundacjawsparcie.eu\/wp-content\/uploads\/2018\/04\/30739701_986159624865345_7812217539131342848_n-150x150.jpg\" alt=\"\" width=\"150\" height=\"150\" \/><\/a>Czekamy teraz na rozsady.<\/span><\/h4>\n<\/li>\n<li>\n<h4><span style=\"font-family: arial, helvetica, sans-serif; color: #003366;\">Organizacj\u0119 <span style=\"color: #808000;\"><strong>6 spotka\u0144<\/strong><\/span> <strong><span style=\"color: #808000;\">edukacyjno \u2013 integracyjnych<\/span><\/strong>, na kt\u00f3rych uczestnicy poznaj\u0105 czym jest polipragmazja i jakie s\u0105 jej skutki oraz skorzystaj\u0105 z prostych \u201ezamiennik\u00f3w dla tabletek\u201d. \u00a0<\/span><\/h4>\n<\/li>\n<\/ol>\n<ul>\n<li style=\"list-style-type: none;\">\n<ul>\n<li style=\"text-align: justify;\">\n<h4><span style=\"font-family: arial, helvetica, sans-serif; color: #003366;\"><strong>spotkanie z geriatr\u0105<\/strong> przybli\u017cy problem nadu\u017cywania lek\u00f3w, niesystematyczno\u015bci ich stosowania oraz \u0142\u0105czenia lek\u00f3w z wszelkimi suplementami i innymi preparatami<\/span><\/h4>\n<\/li>\n<li style=\"text-align: justify;\">\n<h4><span style=\"font-family: arial, helvetica, sans-serif; color: #003366;\"><strong>trzy spotkania z zielark\u0105 to warsztaty<\/strong>: jakie \u201ezamienniki dla tabletki\u201d. Post\u0119p cywilizacji sprawi\u0142, \u017ce zacz\u0119to stosowa\u0107 tabletki na wszystkie dolegliwo\u015bci. \u0141ykaj\u0105c kolejn\u0105 tabletk\u0119 na katar, b\u00f3le g\u0142owy, brak snu czy apati\u0119 zag\u0142uszamy nasz organizm, kt\u00f3ry daje nam znaki, \u017ce co\u015b z\u0142ego z nami si\u0119 dzieje.\u00a0 Natomiast czynniki takie jak: ruch, odpowiednie roz\u0142adowanie stresu, kontakty mi\u0119dzyludzkie, rozw\u00f3j pasji, czy kontakt z przyrod\u0105 zdecydowanie eliminuj\u0105 wi\u0119kszo\u015b\u0107 ma\u0142ych objaw\u00f3w i przyczyniaj\u0105 si\u0119 do poprawy jako\u015bci \u017cycia. Warsztaty poprowadzi dyplomowana zielarka, kt\u00f3ra opowie o w\u0142a\u015bciwo\u015bciach zi\u00f3\u0142, ich interakcji z innymi lekami ale przede wszystkim zapocz\u0105tkuje temat sta\u0142ego kontaktu z przyrod\u0105 i korzystania z jej dobrodziejstw. Na warsztatach zrobimy prost\u0105 ma\u015b\u0107 oraz b\u0119dziemy tworzy\u0107 zdrowotne herbatki<\/span><\/h4>\n<\/li>\n<li style=\"text-align: justify;\">\n<h4><span style=\"font-family: arial, helvetica, sans-serif; color: #003366;\">poniewa\u017c u wi\u0119kszo\u015bci os\u00f3b z wiekiem dochodzi do zaburze\u0144 pami\u0119ci, chcemy aby ka\u017cdy z uczestnik\u00f3w m\u00f3g\u0142 w ka\u017cdej chwili wr\u00f3ci\u0107 do wspomnie\u0144 i informacji pozyskanych w trakcie projektu, w tym celu pierwsze spotkanie to <strong>zaj\u0119cia plastyczne<\/strong>, na kt\u00f3rych seniorzy sami <strong>przygotuj\u0105 sobie notatnik<\/strong> do zapisywania rzeczy wa\u017cnych. Notatniki b\u0119d\u0105 zape\u0142niane nie tylko forma pisemn\u0105 ale tak\u017ce zdj\u0119ciami z wsp\u00f3lnych spotka\u0144 i zaj\u0119\u0107:<\/span><\/h4>\n<\/li>\n<li>\n<h4 style=\"text-align: justify;\"><span style=\"font-family: arial, helvetica, sans-serif; color: #003366;\">wszyscy uczestnicy b\u0119d\u0105 mieli mo\u017cliwo\u015b\u0107 zaci\u015bni\u0119cia wi\u0119zi i integracji na zorganizowanym <strong>na koniec ognisku<\/strong>. Ognisko b\u0119dzie spotkaniem mi\u0119dzypokoleniowym, uczestnicy zaprosz\u0105 swoje rodziny, przyjaci\u00f3\u0142 i bliskich.<\/span><\/h4>\n<\/li>\n<\/ul>\n<\/li>\n<\/ul>\n<h4><strong><span style=\"font-family: arial, helvetica, sans-serif; color: #800000;\">Naszymi Partnerami s\u0105: <span style=\"color: #808000;\"><a style=\"color: #808000;\" href=\"https:\/\/www.facebook.com\/WCKFiliaZastow\/\">WCK Zast\u00f3w<\/a><\/span>, <span style=\"color: #003366;\">oraz<\/span><span style=\"color: #808000;\"> <a style=\"color: #808000;\" href=\"https:\/\/www.facebook.com\/Ogr%C3%B3d-leczy-803236506440663\/\">Ogr\u00f3d Leczy<\/a><\/span>&#8211;<span style=\"color: #003366;\"> inicjatywa hortiterapeutyczna.<\/span><\/span><\/strong><\/h4>\n<p>&nbsp;<\/p>\n<table style=\"border-collapse: collapse; width: 50%;\" border=\"0\">\n<tbody>\n<tr>\n<td style=\"width: 100%;\">[WRGF id=4182]<\/td>\n<\/tr>\n<\/tbody>\n<\/table>\n<p>&nbsp;<\/p>\n<h3><span style=\"font-family: arial, helvetica, sans-serif; color: #808000;\"><strong>Plan dzia\u0142a\u0144 w projekcie:<\/strong><\/span><\/h3>\n<h4><strong><span style=\"font-family: arial, helvetica, sans-serif; color: #003366;\">Spotkania edukacyjno-integracyjne<\/span><\/strong><\/h4>\n<ul>\n<li style=\"list-style-type: none;\">\n<ul>\n<li style=\"list-style-type: none;\">\n<ul>\n<li>\n<h4><span style=\"font-family: arial, helvetica, sans-serif; color: #003366;\"><strong>8 maja 2018r.<\/strong> (wtorek) godz. 16.00-19.00 ul. Ko\u015bciuszkowc\u00f3w 80,\u00a0\u00a0<a style=\"color: #003366;\" href=\"https:\/\/fundacjawsparcie.eu\/index.php\/2018\/05\/08\/leki-z-naturalnej-apteki-robimy-notatniki\/#more-3888\"><strong>z<\/strong><strong>aj\u0119cia plastyczne \u2013 przygotowujemy notatniki<\/strong><\/a><\/span><\/h4>\n<\/li>\n<li>\n<h4><span style=\"font-family: arial, helvetica, sans-serif; color: #003366;\"><strong>15 maja 2018r.<\/strong> (wtorek) godz. 16.00,<strong><span style=\"color: #003366;\"><a style=\"color: #003366;\" href=\"https:\/\/fundacjawsparcie.eu\/index.php\/2018\/05\/15\/3916\/#more-3916\">\u201e<\/a><\/span><span style=\"color: #003366;\"><a style=\"color: #003366;\" href=\"https:\/\/fundacjawsparcie.eu\/index.php\/2018\/05\/15\/3916\/#more-3916\">Poznajmy zio\u0142a w naturze\u201d<\/a><\/span>-spacer z zielark\u0105<\/strong> Hann\u0105 Siemie\u0144czuk<\/span><\/h4>\n<\/li>\n<li>\n<h4><span style=\"font-family: arial, helvetica, sans-serif; color: #003366;\"><strong>18 maja 2018r<\/strong>. (pi\u0105tek) godz. 17.30 WCK Zast\u00f3w ul. Lucerny 13, <strong>spotkanie z geriatr\u0105<\/strong> Mariuszem Saganowskim <strong><a style=\"color: #003366;\" href=\"https:\/\/fundacjawsparcie.eu\/index.php\/2018\/05\/18\/3937\/#more-3937\">\u201ePolipragmazja i problemy z nieodpowiednim stosowaniem lek\u00f3w\u201d<\/a><\/strong><\/span><\/h4>\n<\/li>\n<li>\n<h4><span style=\"font-family: arial, helvetica, sans-serif; color: #003366;\"><strong>29 maja 2018r .<\/strong>(wtorek) godz. 16.00 ul. Ko\u015bciuszkowc\u00f3w 80, <strong><a style=\"color: #003366;\" href=\"https:\/\/fundacjawsparcie.eu\/index.php\/2018\/05\/29\/leki-z-naturalnej-apteki-wyklad-zielarki\/#more-3980\">\u201eJak bezpiecznie stosowa\u0107 zio\u0142a\u201d<\/a> wyk\u0142ad<\/strong> dyplomowanej zielarki Hanny Siemie\u0144czuk<\/span><\/h4>\n<\/li>\n<li>\n<h4><span style=\"color: #003366; font-family: arial, helvetica, sans-serif;\"><strong>30 maja 2018r.<\/strong> (\u015broda) godz. 11.00 ul. \u015awi\u0119tojerska 12a, <strong><a style=\"color: #003366;\" href=\"https:\/\/fundacjawsparcie.eu\/index.php\/2018\/05\/29\/leki-z-naturalnej-apteki-wyklad-zielarki\/#more-3980\">&#8222;Bezpieczne stosowanie zi\u00f3\u0142&#8221;<\/a> -wyk\u0142ad<\/strong> dyplomowanej zielarki Hanny Siemie\u0144czuk<\/span><\/h4>\n<\/li>\n<li>\n<h4><span style=\"font-family: arial, helvetica, sans-serif; color: #003366;\"><strong>12 czerwca 2018r.<\/strong> (wtorek) godz. 16.00, ul. Ko\u015bciuszkowc\u00f3w 80, <strong>warsztaty zielarskie- robimy ma\u015bci p\/zapalne i regeneruj\u0105ce stawy-<\/strong> prowadz\u0105cy Hanna Siemie\u0144czuk<\/span><\/h4>\n<\/li>\n<li>\n<h4><span style=\"font-family: arial, helvetica, sans-serif; color: #003366;\"><strong>23 czerwca 2018r<\/strong>. <strong>Zako\u0144czenie projektu- ognisko i zwyczaje \u015awi\u0119toja\u0144skiej Nocy.<\/strong><\/span><\/h4>\n<\/li>\n<\/ul>\n<\/li>\n<\/ul>\n<\/li>\n<\/ul>\n<h4><span style=\"font-family: arial, helvetica, sans-serif; color: #003366;\">ZAPISY:<\/span><\/h4>\n<h4><span style=\"font-family: arial, helvetica, sans-serif; color: #003366;\"> tel: 570 386 060, <\/span><\/h4>\n<h4><span style=\"font-family: arial, helvetica, sans-serif; color: #003366;\">e-mail: fundacjawsparcie@os.pl. <\/span><\/h4>\n<h4><span style=\"font-family: arial, helvetica, sans-serif; color: #003366;\">lub w biurze Fundacji Wsparcie ul. Ko\u015bciuszkowc\u00f3w 80, suterena. <\/span><\/h4>\n<h4><span style=\"font-family: arial, helvetica, sans-serif; color: #ff0000;\">WST\u0118P WOLNY.\u00a0<\/span><\/h4>\n<h4><span style=\"color: #003366; font-family: arial, helvetica, sans-serif;\">Projekt dla wszystkich zainteresowanych tematyk\u0105 .<\/span><\/h4>\n","protected":false},"excerpt":{"rendered":"<p>Leki z naturalnej apteki to projekt, w kt\u00f3rym chcemy zwr\u00f3ci\u0107 szczeg\u00f3ln\u0105 uwag\u0119\u00a0na pog\u0142\u0119biaj\u0105cy si\u0119 problem jakim jest nadu\u017cywanie lek\u00f3w w\u015br\u00f3d senior\u00f3w czyli polipragmazja, a tak\u017ce wskaza\u0107 inne sposoby na polepszenie jako\u015bci \u017cycia seniora.<\/p>\n","protected":false},"author":1,"featured_media":0,"comment_status":"open","ping_status":"closed","sticky":false,"template":"","format":"standard","meta":{"footnotes":""},"categories":[3],"tags":[],"class_list":["post-3813","post","type-post","status-publish","format-standard","hentry","category-projekty"],"blocksy_meta":{"styles_descriptor":{"styles":{"desktop":"","tablet":"","mobile":""},"google_fonts":[],"version":6}},"brizy_media":[],"_links":{"self":[{"href":"https:\/\/fundacjawsparcie.eu\/index.php\/wp-json\/wp\/v2\/posts\/3813","targetHints":{"allow":["GET"]}}],"collection":[{"href":"https:\/\/fundacjawsparcie.eu\/index.php\/wp-json\/wp\/v2\/posts"}],"about":[{"href":"https:\/\/fundacjawsparcie.eu\/index.php\/wp-json\/wp\/v2\/types\/post"}],"author":[{"embeddable":true,"href":"https:\/\/fundacjawsparcie.eu\/index.php\/wp-json\/wp\/v2\/users\/1"}],"replies":[{"embeddable":true,"href":"https:\/\/fundacjawsparcie.eu\/index.php\/wp-json\/wp\/v2\/comments?post=3813"}],"version-history":[{"count":55,"href":"https:\/\/fundacjawsparcie.eu\/index.php\/wp-json\/wp\/v2\/posts\/3813\/revisions"}],"predecessor-version":[{"id":4311,"href":"https:\/\/fundacjawsparcie.eu\/index.php\/wp-json\/wp\/v2\/posts\/3813\/revisions\/4311"}],"wp:attachment":[{"href":"https:\/\/fundacjawsparcie.eu\/index.php\/wp-json\/wp\/v2\/media?parent=3813"}],"wp:term":[{"taxonomy":"category","embeddable":true,"href":"https:\/\/fundacjawsparcie.eu\/index.php\/wp-json\/wp\/v2\/categories?post=3813"},{"taxonomy":"post_tag","embeddable":true,"href":"https:\/\/fundacjawsparcie.eu\/index.php\/wp-json\/wp\/v2\/tags?post=3813"}],"curies":[{"name":"wp","href":"https:\/\/api.w.org\/{rel}","templated":true}]}}