{"id":3612,"date":"2018-02-19T10:23:42","date_gmt":"2018-02-19T09:23:42","guid":{"rendered":"http:\/\/fundacjawsparcie.eu\/?p=3612"},"modified":"2019-02-10T21:26:24","modified_gmt":"2019-02-10T20:26:24","slug":"sasiedzkie-spotkanie","status":"publish","type":"post","link":"https:\/\/fundacjawsparcie.eu\/index.php\/2018\/02\/19\/sasiedzkie-spotkanie\/","title":{"rendered":"S\u0105siedzkie spotkanie decupage"},"content":{"rendered":"<h4><span style=\"font-family: arial, helvetica, sans-serif; color: #003366;\"><a href=\"https:\/\/fundacjawsparcie.eu\/wp-content\/uploads\/2018\/02\/warsztaty-seniorzy-WSPARCIE-e1518616997877.jpg\"><img loading=\"lazy\" decoding=\"async\" class=\" wp-image-3599 alignleft\" src=\"https:\/\/fundacjawsparcie.eu\/wp-content\/uploads\/2018\/02\/warsztaty-seniorzy-WSPARCIE-e1518616997877.jpg\" alt=\"\" width=\"277\" height=\"396\" \/><\/a>\u015awieca to nie tylko symbol ludzkiego \u017cycia, \u015bwiat\u0142a i spe\u0142niaj\u0105cej si\u0119 ofiary, ale te\u017c mi\u0142y i \u0142adny dodatek ozdobny naszego mieszkania. Ju\u017c w pi\u0105tek b\u0119dziemy <strong><span style=\"color: #800000;\">ozdabia\u0107 \u015bwiece technik\u0105 decupage<\/span><\/strong> w Wawerskim Centrum Kultury Zast\u00f3w ul. Lucerny 13. Zapisy: fundacjawsparcie@os.pl lub tel: 793 413 489.<\/span><!--more--><\/h4>\n<h4><span style=\"font-family: arial, helvetica, sans-serif; color: #003366;\">Pierwsze wsp\u00f3lne dzia\u0142ania z <strong><a href=\"http:\/\/www.wck-wawer.pl\/zastow\/aktualnosci\/2018\/spotkanie-sasiedzkie-magiczne-swiece-po\">WCK Zast\u00f3w<\/a><\/strong> zaowocowa\u0142y pi\u0119knymi \u015bwiecami.\u00a0<\/span><\/h4>\n<p><a href=\"https:\/\/fundacjawsparcie.eu\/wp-content\/uploads\/2018\/02\/1.jpg\"><img loading=\"lazy\" decoding=\"async\" class=\"size-medium wp-image-3627 alignleft\" src=\"https:\/\/fundacjawsparcie.eu\/wp-content\/uploads\/2018\/02\/1-300x200.jpg\" alt=\"\" width=\"300\" height=\"200\" srcset=\"https:\/\/fundacjawsparcie.eu\/wp-content\/uploads\/2018\/02\/1-300x200.jpg 300w, https:\/\/fundacjawsparcie.eu\/wp-content\/uploads\/2018\/02\/1-768x512.jpg 768w, https:\/\/fundacjawsparcie.eu\/wp-content\/uploads\/2018\/02\/1-1024x683.jpg 1024w, https:\/\/fundacjawsparcie.eu\/wp-content\/uploads\/2018\/02\/1-272x182.jpg 272w\" sizes=\"auto, (max-width: 300px) 100vw, 300px\" \/><\/a><a href=\"https:\/\/fundacjawsparcie.eu\/wp-content\/uploads\/2018\/02\/swiece.jpg\"><img loading=\"lazy\" decoding=\"async\" class=\"size-medium wp-image-3628 alignleft\" src=\"https:\/\/fundacjawsparcie.eu\/wp-content\/uploads\/2018\/02\/swiece-300x200.jpg\" alt=\"\" width=\"300\" height=\"200\" srcset=\"https:\/\/fundacjawsparcie.eu\/wp-content\/uploads\/2018\/02\/swiece-300x200.jpg 300w, https:\/\/fundacjawsparcie.eu\/wp-content\/uploads\/2018\/02\/swiece-768x512.jpg 768w, https:\/\/fundacjawsparcie.eu\/wp-content\/uploads\/2018\/02\/swiece-1024x683.jpg 1024w, https:\/\/fundacjawsparcie.eu\/wp-content\/uploads\/2018\/02\/swiece-272x182.jpg 272w\" sizes=\"auto, (max-width: 300px) 100vw, 300px\" \/><\/a><\/p>\n","protected":false},"excerpt":{"rendered":"<p>\u015awieca to nie tylko symbol ludzkiego \u017cycia, \u015bwiat\u0142a i spe\u0142niaj\u0105cej si\u0119 ofiary, ale te\u017c mi\u0142y i \u0142adny dodatek ozdobny naszego mieszkania. Ju\u017c w pi\u0105tek b\u0119dziemy ozdabia\u0107 \u015bwiece technik\u0105 decupage w Wawerskim Centrum Kultury Zast\u00f3w ul. Lucerny 13. Zapisy: fundacjawsparcie@os.pl lub tel: 793 413 489.<\/p>\n","protected":false},"author":1,"featured_media":0,"comment_status":"open","ping_status":"closed","sticky":false,"template":"","format":"standard","meta":{"footnotes":""},"categories":[3],"tags":[34,49],"class_list":["post-3612","post","type-post","status-publish","format-standard","hentry","category-projekty","tag-pogadanki-i-spotkania","tag-wspolpraca"],"blocksy_meta":{"styles_descriptor":{"styles":{"desktop":"","tablet":"","mobile":""},"google_fonts":[],"version":6}},"brizy_media":[],"_links":{"self":[{"href":"https:\/\/fundacjawsparcie.eu\/index.php\/wp-json\/wp\/v2\/posts\/3612","targetHints":{"allow":["GET"]}}],"collection":[{"href":"https:\/\/fundacjawsparcie.eu\/index.php\/wp-json\/wp\/v2\/posts"}],"about":[{"href":"https:\/\/fundacjawsparcie.eu\/index.php\/wp-json\/wp\/v2\/types\/post"}],"author":[{"embeddable":true,"href":"https:\/\/fundacjawsparcie.eu\/index.php\/wp-json\/wp\/v2\/users\/1"}],"replies":[{"embeddable":true,"href":"https:\/\/fundacjawsparcie.eu\/index.php\/wp-json\/wp\/v2\/comments?post=3612"}],"version-history":[{"count":7,"href":"https:\/\/fundacjawsparcie.eu\/index.php\/wp-json\/wp\/v2\/posts\/3612\/revisions"}],"predecessor-version":[{"id":3632,"href":"https:\/\/fundacjawsparcie.eu\/index.php\/wp-json\/wp\/v2\/posts\/3612\/revisions\/3632"}],"wp:attachment":[{"href":"https:\/\/fundacjawsparcie.eu\/index.php\/wp-json\/wp\/v2\/media?parent=3612"}],"wp:term":[{"taxonomy":"category","embeddable":true,"href":"https:\/\/fundacjawsparcie.eu\/index.php\/wp-json\/wp\/v2\/categories?post=3612"},{"taxonomy":"post_tag","embeddable":true,"href":"https:\/\/fundacjawsparcie.eu\/index.php\/wp-json\/wp\/v2\/tags?post=3612"}],"curies":[{"name":"wp","href":"https:\/\/api.w.org\/{rel}","templated":true}]}}