{"id":3570,"date":"2018-02-07T15:33:55","date_gmt":"2018-02-07T14:33:55","guid":{"rendered":"http:\/\/fundacjawsparcie.eu\/?p=3570"},"modified":"2018-02-07T15:39:53","modified_gmt":"2018-02-07T14:39:53","slug":"magazyn-opiekun","status":"publish","type":"post","link":"https:\/\/fundacjawsparcie.eu\/index.php\/2018\/02\/07\/magazyn-opiekun\/","title":{"rendered":"Magazyn OPIEKUN"},"content":{"rendered":"<h4 style=\"text-align: justify;\"><span style=\"font-family: arial, helvetica, sans-serif; color: #003366;\"><a href=\"https:\/\/fundacjawsparcie.eu\/wp-content\/uploads\/2018\/02\/27848496_1572770256145138_832494056_n.jpg\"><img loading=\"lazy\" decoding=\"async\" class=\"wp-image-3572 alignleft\" src=\"https:\/\/fundacjawsparcie.eu\/wp-content\/uploads\/2018\/02\/27848496_1572770256145138_832494056_n.jpg\" alt=\"\" width=\"201\" height=\"327\" srcset=\"https:\/\/fundacjawsparcie.eu\/wp-content\/uploads\/2018\/02\/27848496_1572770256145138_832494056_n.jpg 442w, https:\/\/fundacjawsparcie.eu\/wp-content\/uploads\/2018\/02\/27848496_1572770256145138_832494056_n-184x300.jpg 184w\" sizes=\"auto, (max-width: 201px) 100vw, 201px\" \/><\/a>Na jesieni 2017 w kioskach ukaza\u0142 si\u0119 <span style=\"color: #800000;\"><strong>pierwszy numer &#8222;Opiekuna&#8221; &#8211; kwartalnika<\/strong><\/span> skierowanego do os\u00f3b, kt\u00f3re na sta\u0142e opiekuj\u0105 si\u0119 bliskimi &#8211; rodzicami, choruj\u0105cym wsp\u00f3\u0142ma\u0142\u017conkiem lub przyjaci\u00f3\u0142mi.\u00a0<\/span><span style=\"font-family: arial, helvetica, sans-serif; color: #003366;\">Mo\u017cna znale\u017a\u0107 w nim\u00a0 m.in. rozmow\u0119 z Ew\u0105 B\u0142aszczyk, wsp\u00f3\u0142tw\u00f3rczyni\u0105 fundacji &#8222;Akogo?&#8221; oraz z Jerzym Owsiakiem, tw\u00f3rc\u0105 Wielkiej Orkiestry \u015awi\u0105tecznej Pomocy.<\/span><!--more--><\/h4>\n<h4 style=\"text-align: justify;\"><span style=\"font-family: arial, helvetica, sans-serif; color: #003366;\">W numerze znajduj\u0105 si\u0119 tak\u017ce porady, jak zaj\u0105\u0107 si\u0119 osob\u0105 wy\u0142\u0105cznie le\u017c\u0105c\u0105, m.in. jak urz\u0105dzi\u0107 pok\u00f3j, jak wybra\u0107 \u0142\u00f3\u017cko rehabilitacyjne, jak zapobiega\u0107 odle\u017cynom oraz teksty z zakresu \u017cywienia i psychologii. Wydawnictwo Agora wzmocni\u0142o nasze dzia\u0142ania i przekaza\u0142o nam wi\u0119ksza ilo\u015b\u0107 magazyn\u00f3w. Serdecznie dzi\u0119kujemy w imieniu uczestnik\u00f3w projektu deMemo. W kioskach mo\u017cecie te\u017c naby\u0107 ju\u017c <a href=\"https:\/\/kulturalnysklep.pl\/prasa\/opiekun-opie\"><strong><span style=\"color: #808000;\">drugi numer<\/span><\/strong><\/a>, a w nim wywiad z Ann\u0105 Dymn\u0105&#8221;Trzeba zakocha\u0107 si\u0119 w \u017cyciu&#8221;, osob\u0105 pe\u0142n\u0105 inspiracji w pomaganiu innym. Znajdziecie tam r\u00f3wnie\u017c kontakty do organizacji wspieraj\u0105cych senior\u00f3w, tak\u017ce do naszej fundacji. Polecamy tez partnera magazynu <a href=\"https:\/\/damy-rade.info\/o-projekcie\"><strong><span style=\"color: #808000;\">Damy rad\u0119<\/span><\/strong>,<\/a> kt\u00f3ry organizuje mi\u0119dzy innymi szkolenia i warsztaty dla os\u00f3b opiekuj\u0105cych si\u0119 chorymi niesamodzielnymi, le\u017c\u0105cymi.<\/span><\/h4>\n<p><a href=\"https:\/\/fundacjawsparcie.eu\/wp-content\/uploads\/2018\/02\/27787426_1572720832816747_1745187973_o.jpg\"><img loading=\"lazy\" decoding=\"async\" class=\"size-full wp-image-3575 alignnone\" src=\"https:\/\/fundacjawsparcie.eu\/wp-content\/uploads\/2018\/02\/27787426_1572720832816747_1745187973_o.jpg\" alt=\"\" width=\"1782\" height=\"1002\" srcset=\"https:\/\/fundacjawsparcie.eu\/wp-content\/uploads\/2018\/02\/27787426_1572720832816747_1745187973_o.jpg 1782w, https:\/\/fundacjawsparcie.eu\/wp-content\/uploads\/2018\/02\/27787426_1572720832816747_1745187973_o-300x169.jpg 300w, https:\/\/fundacjawsparcie.eu\/wp-content\/uploads\/2018\/02\/27787426_1572720832816747_1745187973_o-768x432.jpg 768w, https:\/\/fundacjawsparcie.eu\/wp-content\/uploads\/2018\/02\/27787426_1572720832816747_1745187973_o-1024x576.jpg 1024w\" sizes=\"auto, (max-width: 1782px) 100vw, 1782px\" \/><\/a><\/p>\n","protected":false},"excerpt":{"rendered":"<p>Na jesieni 2017 w kioskach ukaza\u0142 si\u0119 pierwszy numer &#8222;Opiekuna&#8221; &#8211; kwartalnika skierowanego do os\u00f3b, kt\u00f3re na sta\u0142e opiekuj\u0105 si\u0119 bliskimi &#8211; rodzicami, choruj\u0105cym wsp\u00f3\u0142ma\u0142\u017conkiem lub przyjaci\u00f3\u0142mi.\u00a0Mo\u017cna znale\u017a\u0107 w nim\u00a0 m.in. rozmow\u0119 z Ew\u0105 B\u0142aszczyk, wsp\u00f3\u0142tw\u00f3rczyni\u0105 fundacji &#8222;Akogo?&#8221; oraz z Jerzym Owsiakiem, tw\u00f3rc\u0105 Wielkiej Orkiestry \u015awi\u0105tecznej Pomocy.<\/p>\n","protected":false},"author":1,"featured_media":0,"comment_status":"open","ping_status":"closed","sticky":false,"template":"","format":"aside","meta":{"footnotes":""},"categories":[3],"tags":[39],"class_list":["post-3570","post","type-post","status-publish","format-aside","hentry","category-projekty","tag-dememo","post_format-post-format-aside"],"blocksy_meta":{"styles_descriptor":{"styles":{"desktop":"","tablet":"","mobile":""},"google_fonts":[],"version":6}},"brizy_media":[],"_links":{"self":[{"href":"https:\/\/fundacjawsparcie.eu\/index.php\/wp-json\/wp\/v2\/posts\/3570","targetHints":{"allow":["GET"]}}],"collection":[{"href":"https:\/\/fundacjawsparcie.eu\/index.php\/wp-json\/wp\/v2\/posts"}],"about":[{"href":"https:\/\/fundacjawsparcie.eu\/index.php\/wp-json\/wp\/v2\/types\/post"}],"author":[{"embeddable":true,"href":"https:\/\/fundacjawsparcie.eu\/index.php\/wp-json\/wp\/v2\/users\/1"}],"replies":[{"embeddable":true,"href":"https:\/\/fundacjawsparcie.eu\/index.php\/wp-json\/wp\/v2\/comments?post=3570"}],"version-history":[{"count":3,"href":"https:\/\/fundacjawsparcie.eu\/index.php\/wp-json\/wp\/v2\/posts\/3570\/revisions"}],"predecessor-version":[{"id":3577,"href":"https:\/\/fundacjawsparcie.eu\/index.php\/wp-json\/wp\/v2\/posts\/3570\/revisions\/3577"}],"wp:attachment":[{"href":"https:\/\/fundacjawsparcie.eu\/index.php\/wp-json\/wp\/v2\/media?parent=3570"}],"wp:term":[{"taxonomy":"category","embeddable":true,"href":"https:\/\/fundacjawsparcie.eu\/index.php\/wp-json\/wp\/v2\/categories?post=3570"},{"taxonomy":"post_tag","embeddable":true,"href":"https:\/\/fundacjawsparcie.eu\/index.php\/wp-json\/wp\/v2\/tags?post=3570"}],"curies":[{"name":"wp","href":"https:\/\/api.w.org\/{rel}","templated":true}]}}