{"id":328,"date":"2016-01-15T20:23:18","date_gmt":"2016-01-15T19:23:18","guid":{"rendered":"http:\/\/fundacjawsparcie.eu\/?p=328"},"modified":"2017-12-31T20:31:18","modified_gmt":"2017-12-31T19:31:18","slug":"wolontariat","status":"publish","type":"post","link":"https:\/\/fundacjawsparcie.eu\/index.php\/2016\/01\/15\/wolontariat\/","title":{"rendered":"Wolontariat"},"content":{"rendered":"<h4 style=\"text-align: center;\"><a href=\"https:\/\/fundacjawsparcie.eu\/wp-content\/uploads\/2015\/09\/cropped-top11.jpg\" rel=\"attachment wp-att-6\"><img loading=\"lazy\" decoding=\"async\" class=\"size-thumbnail wp-image-6 alignleft\" src=\"https:\/\/fundacjawsparcie.eu\/wp-content\/uploads\/2015\/09\/cropped-top11-150x150.jpg\" alt=\"cropped-top11.jpg\" width=\"150\" height=\"150\" srcset=\"https:\/\/fundacjawsparcie.eu\/wp-content\/uploads\/2015\/09\/cropped-top11-150x150.jpg 150w, https:\/\/fundacjawsparcie.eu\/wp-content\/uploads\/2015\/09\/cropped-top11-300x300.jpg 300w, https:\/\/fundacjawsparcie.eu\/wp-content\/uploads\/2015\/09\/cropped-top11-270x270.jpg 270w, https:\/\/fundacjawsparcie.eu\/wp-content\/uploads\/2015\/09\/cropped-top11-192x192.jpg 192w, https:\/\/fundacjawsparcie.eu\/wp-content\/uploads\/2015\/09\/cropped-top11-180x180.jpg 180w, https:\/\/fundacjawsparcie.eu\/wp-content\/uploads\/2015\/09\/cropped-top11-32x32.jpg 32w, https:\/\/fundacjawsparcie.eu\/wp-content\/uploads\/2015\/09\/cropped-top11.jpg 512w\" sizes=\"auto, (max-width: 150px) 100vw, 150px\" \/><\/a><span style=\"font-family: arial, helvetica, sans-serif; color: #003366;\">Z Nowym Rokiem \u00a0wzmacniamy nasz wolontariat.<\/span><br \/>\n<span style=\"font-family: arial, helvetica, sans-serif;\"> <span style=\"color: #003366;\"> Nasz\u0105 misj\u0105 jest wolontariat pod has\u0142em<\/span><strong> <span style=\"color: #0000ff;\">&#8221; Senior dla Seniora&#8221;<\/span><\/strong><\/span><br \/>\n<span style=\"font-family: arial, helvetica, sans-serif; color: #003366;\"> Zapraszamy do wsp\u00f3\u0142pracy osoby maj\u0105ce czas i potrzeb\u0119 pomagania innym.<\/span><br \/>\n<span style=\"font-family: arial, helvetica, sans-serif;\"> <strong> <span style=\"color: #0000ff;\">&#8222;Najwi\u0119kszym szcz\u0119\u015bciem jest dawa\u0107 szcz\u0119\u015bcie innym&#8221;<\/span><\/strong><\/span><\/h4>\n","protected":false},"excerpt":{"rendered":"<p>Z Nowym Rokiem \u00a0wzmacniamy nasz wolontariat. Nasz\u0105 misj\u0105 jest wolontariat pod has\u0142em &#8221; Senior dla Seniora&#8221; Zapraszamy do wsp\u00f3\u0142pracy osoby maj\u0105ce czas i potrzeb\u0119 pomagania innym. &#8222;Najwi\u0119kszym szcz\u0119\u015bciem jest dawa\u0107 szcz\u0119\u015bcie innym&#8221;<\/p>\n","protected":false},"author":1,"featured_media":0,"comment_status":"open","ping_status":"closed","sticky":false,"template":"","format":"aside","meta":{"footnotes":""},"categories":[3],"tags":[27],"class_list":["post-328","post","type-post","status-publish","format-aside","hentry","category-projekty","tag-senior-dla-seniora","post_format-post-format-aside"],"blocksy_meta":{"styles_descriptor":{"styles":{"desktop":"","tablet":"","mobile":""},"google_fonts":[],"version":6}},"brizy_media":[],"_links":{"self":[{"href":"https:\/\/fundacjawsparcie.eu\/index.php\/wp-json\/wp\/v2\/posts\/328","targetHints":{"allow":["GET"]}}],"collection":[{"href":"https:\/\/fundacjawsparcie.eu\/index.php\/wp-json\/wp\/v2\/posts"}],"about":[{"href":"https:\/\/fundacjawsparcie.eu\/index.php\/wp-json\/wp\/v2\/types\/post"}],"author":[{"embeddable":true,"href":"https:\/\/fundacjawsparcie.eu\/index.php\/wp-json\/wp\/v2\/users\/1"}],"replies":[{"embeddable":true,"href":"https:\/\/fundacjawsparcie.eu\/index.php\/wp-json\/wp\/v2\/comments?post=328"}],"version-history":[{"count":11,"href":"https:\/\/fundacjawsparcie.eu\/index.php\/wp-json\/wp\/v2\/posts\/328\/revisions"}],"predecessor-version":[{"id":3495,"href":"https:\/\/fundacjawsparcie.eu\/index.php\/wp-json\/wp\/v2\/posts\/328\/revisions\/3495"}],"wp:attachment":[{"href":"https:\/\/fundacjawsparcie.eu\/index.php\/wp-json\/wp\/v2\/media?parent=328"}],"wp:term":[{"taxonomy":"category","embeddable":true,"href":"https:\/\/fundacjawsparcie.eu\/index.php\/wp-json\/wp\/v2\/categories?post=328"},{"taxonomy":"post_tag","embeddable":true,"href":"https:\/\/fundacjawsparcie.eu\/index.php\/wp-json\/wp\/v2\/tags?post=328"}],"curies":[{"name":"wp","href":"https:\/\/api.w.org\/{rel}","templated":true}]}}