{"id":3029,"date":"2017-11-28T18:34:58","date_gmt":"2017-11-28T17:34:58","guid":{"rendered":"http:\/\/fundacjawsparcie.eu\/?p=3029"},"modified":"2017-12-20T23:01:03","modified_gmt":"2017-12-20T22:01:03","slug":"przygotowania-do-swiat","status":"publish","type":"post","link":"https:\/\/fundacjawsparcie.eu\/index.php\/2017\/11\/28\/przygotowania-do-swiat\/","title":{"rendered":"Przygotowania do \u015bwi\u0105t"},"content":{"rendered":"<h4><span style=\"color: #003366;\"><a href=\"https:\/\/fundacjawsparcie.eu\/wp-content\/uploads\/2017\/11\/christmas-2976355_1920.jpg\"><img loading=\"lazy\" decoding=\"async\" class=\"wp-image-3010 alignleft\" src=\"https:\/\/fundacjawsparcie.eu\/wp-content\/uploads\/2017\/11\/christmas-2976355_1920.jpg\" alt=\"\" width=\"296\" height=\"198\" srcset=\"https:\/\/fundacjawsparcie.eu\/wp-content\/uploads\/2017\/11\/christmas-2976355_1920.jpg 1920w, https:\/\/fundacjawsparcie.eu\/wp-content\/uploads\/2017\/11\/christmas-2976355_1920-300x200.jpg 300w, https:\/\/fundacjawsparcie.eu\/wp-content\/uploads\/2017\/11\/christmas-2976355_1920-768x512.jpg 768w, https:\/\/fundacjawsparcie.eu\/wp-content\/uploads\/2017\/11\/christmas-2976355_1920-1024x683.jpg 1024w, https:\/\/fundacjawsparcie.eu\/wp-content\/uploads\/2017\/11\/christmas-2976355_1920-272x182.jpg 272w\" sizes=\"auto, (max-width: 296px) 100vw, 296px\" \/><\/a><span style=\"font-family: arial, helvetica, sans-serif;\"><strong><span style=\"color: #800000;\">Oczekiwanie<\/span><\/strong>. Zawsze najbardziej lubi\u0142am czas przygotowa\u0144 do\u00a0 \u015awi\u0105t Bo\u017cego Narodzenia. Ta krz\u0105tanina, szukanie pomys\u0142\u00f3w na prezenty, chwile zadumy pomi\u0119dzy i zapach piernik\u00f3w i pasty do pod\u0142ogi. <\/span><\/span><!--more--><\/h4>\n<h4><span style=\"color: #003366;\"><span style=\"font-family: arial, helvetica, sans-serif;\">W naszym klubie czas oczekiwania i przygotowania rozpocz\u0119li\u015bmy od tworzenia \u015bwi\u0105tecznych ozd\u00f3b. Pi\u0119kne bombki, karki i inne ozdoby tworzyli nasi Wolontariusze i S\u0105siedzi. Wszystkie ozdoby zosta\u0142y przekazane na szczytny cel lub trafi\u0142y do zaprzyja\u017anionych i samotnych senior\u00f3w.<\/span>\u00a0<\/span><\/h4>\n<h4><span style=\"color: #003366;\"><a href=\"https:\/\/fundacjawsparcie.eu\/wp-content\/uploads\/2017\/11\/24281877_1534635736643316_1969712600_o.jpg\"><img loading=\"lazy\" decoding=\"async\" class=\"wp-image-3043 alignleft\" src=\"https:\/\/fundacjawsparcie.eu\/wp-content\/uploads\/2017\/11\/24281877_1534635736643316_1969712600_o.jpg\" alt=\"\" width=\"351\" height=\"197\" srcset=\"https:\/\/fundacjawsparcie.eu\/wp-content\/uploads\/2017\/11\/24281877_1534635736643316_1969712600_o.jpg 1812w, https:\/\/fundacjawsparcie.eu\/wp-content\/uploads\/2017\/11\/24281877_1534635736643316_1969712600_o-300x168.jpg 300w, https:\/\/fundacjawsparcie.eu\/wp-content\/uploads\/2017\/11\/24281877_1534635736643316_1969712600_o-768x431.jpg 768w, https:\/\/fundacjawsparcie.eu\/wp-content\/uploads\/2017\/11\/24281877_1534635736643316_1969712600_o-1024x575.jpg 1024w\" sizes=\"auto, (max-width: 351px) 100vw, 351px\" \/><\/a><a href=\"https:\/\/fundacjawsparcie.eu\/wp-content\/uploads\/2017\/11\/ozdoby-2.jpg\"><img loading=\"lazy\" decoding=\"async\" class=\"wp-image-3042 alignnone\" src=\"https:\/\/fundacjawsparcie.eu\/wp-content\/uploads\/2017\/11\/ozdoby-2.jpg\" alt=\"\" width=\"357\" height=\"201\" srcset=\"https:\/\/fundacjawsparcie.eu\/wp-content\/uploads\/2017\/11\/ozdoby-2.jpg 1280w, https:\/\/fundacjawsparcie.eu\/wp-content\/uploads\/2017\/11\/ozdoby-2-300x169.jpg 300w, https:\/\/fundacjawsparcie.eu\/wp-content\/uploads\/2017\/11\/ozdoby-2-768x432.jpg 768w, https:\/\/fundacjawsparcie.eu\/wp-content\/uploads\/2017\/11\/ozdoby-2-1024x576.jpg 1024w\" sizes=\"auto, (max-width: 357px) 100vw, 357px\" \/><\/a><\/span><\/h4>\n<h4><a href=\"https:\/\/fundacjawsparcie.eu\/wp-content\/uploads\/2017\/12\/ba\u0142agan-na-stole.jpg\"><img loading=\"lazy\" decoding=\"async\" class=\"wp-image-3033 alignleft\" src=\"https:\/\/fundacjawsparcie.eu\/wp-content\/uploads\/2017\/12\/ba\u0142agan-na-stole.jpg\" alt=\"\" width=\"353\" height=\"199\" srcset=\"https:\/\/fundacjawsparcie.eu\/wp-content\/uploads\/2017\/12\/ba\u0142agan-na-stole.jpg 1280w, https:\/\/fundacjawsparcie.eu\/wp-content\/uploads\/2017\/12\/ba\u0142agan-na-stole-300x169.jpg 300w, https:\/\/fundacjawsparcie.eu\/wp-content\/uploads\/2017\/12\/ba\u0142agan-na-stole-768x432.jpg 768w, https:\/\/fundacjawsparcie.eu\/wp-content\/uploads\/2017\/12\/ba\u0142agan-na-stole-1024x576.jpg 1024w\" sizes=\"auto, (max-width: 353px) 100vw, 353px\" \/><\/a><a href=\"https:\/\/fundacjawsparcie.eu\/wp-content\/uploads\/2017\/12\/24209221_1533711790069044_43507470_o.jpg\"><img loading=\"lazy\" decoding=\"async\" class=\"wp-image-3031 alignleft\" src=\"https:\/\/fundacjawsparcie.eu\/wp-content\/uploads\/2017\/12\/24209221_1533711790069044_43507470_o.jpg\" alt=\"\" width=\"355\" height=\"199\" srcset=\"https:\/\/fundacjawsparcie.eu\/wp-content\/uploads\/2017\/12\/24209221_1533711790069044_43507470_o.jpg 1812w, https:\/\/fundacjawsparcie.eu\/wp-content\/uploads\/2017\/12\/24209221_1533711790069044_43507470_o-300x168.jpg 300w, https:\/\/fundacjawsparcie.eu\/wp-content\/uploads\/2017\/12\/24209221_1533711790069044_43507470_o-768x431.jpg 768w, https:\/\/fundacjawsparcie.eu\/wp-content\/uploads\/2017\/12\/24209221_1533711790069044_43507470_o-1024x575.jpg 1024w\" sizes=\"auto, (max-width: 355px) 100vw, 355px\" \/><\/a><\/h4>\n","protected":false},"excerpt":{"rendered":"<p>Oczekiwanie. Zawsze najbardziej lubi\u0142am czas przygotowa\u0144 do\u00a0 \u015awi\u0105t Bo\u017cego Narodzenia. Ta krz\u0105tanina, szukanie pomys\u0142\u00f3w na prezenty, chwile zadumy pomi\u0119dzy i zapach piernik\u00f3w i pasty do pod\u0142ogi.<\/p>\n","protected":false},"author":1,"featured_media":0,"comment_status":"open","ping_status":"closed","sticky":false,"template":"","format":"aside","meta":{"footnotes":""},"categories":[3],"tags":[16,34],"class_list":["post-3029","post","type-post","status-publish","format-aside","hentry","category-projekty","tag-klub","tag-pogadanki-i-spotkania","post_format-post-format-aside"],"blocksy_meta":{"styles_descriptor":{"styles":{"desktop":"","tablet":"","mobile":""},"google_fonts":[],"version":6}},"brizy_media":[],"_links":{"self":[{"href":"https:\/\/fundacjawsparcie.eu\/index.php\/wp-json\/wp\/v2\/posts\/3029","targetHints":{"allow":["GET"]}}],"collection":[{"href":"https:\/\/fundacjawsparcie.eu\/index.php\/wp-json\/wp\/v2\/posts"}],"about":[{"href":"https:\/\/fundacjawsparcie.eu\/index.php\/wp-json\/wp\/v2\/types\/post"}],"author":[{"embeddable":true,"href":"https:\/\/fundacjawsparcie.eu\/index.php\/wp-json\/wp\/v2\/users\/1"}],"replies":[{"embeddable":true,"href":"https:\/\/fundacjawsparcie.eu\/index.php\/wp-json\/wp\/v2\/comments?post=3029"}],"version-history":[{"count":16,"href":"https:\/\/fundacjawsparcie.eu\/index.php\/wp-json\/wp\/v2\/posts\/3029\/revisions"}],"predecessor-version":[{"id":3330,"href":"https:\/\/fundacjawsparcie.eu\/index.php\/wp-json\/wp\/v2\/posts\/3029\/revisions\/3330"}],"wp:attachment":[{"href":"https:\/\/fundacjawsparcie.eu\/index.php\/wp-json\/wp\/v2\/media?parent=3029"}],"wp:term":[{"taxonomy":"category","embeddable":true,"href":"https:\/\/fundacjawsparcie.eu\/index.php\/wp-json\/wp\/v2\/categories?post=3029"},{"taxonomy":"post_tag","embeddable":true,"href":"https:\/\/fundacjawsparcie.eu\/index.php\/wp-json\/wp\/v2\/tags?post=3029"}],"curies":[{"name":"wp","href":"https:\/\/api.w.org\/{rel}","templated":true}]}}