{"id":2865,"date":"2017-10-11T12:02:30","date_gmt":"2017-10-11T10:02:30","guid":{"rendered":"http:\/\/fundacjawsparcie.eu\/?p=2865"},"modified":"2017-12-20T23:02:56","modified_gmt":"2017-12-20T22:02:56","slug":"odczarujmy-jesien","status":"publish","type":"post","link":"https:\/\/fundacjawsparcie.eu\/index.php\/2017\/10\/11\/odczarujmy-jesien\/","title":{"rendered":"Odczarujmy jesie\u0144."},"content":{"rendered":"<h4 style=\"text-align: justify;\"><a href=\"https:\/\/fundacjawsparcie.eu\/wp-content\/uploads\/2017\/10\/Wiersz.jpg\"><img loading=\"lazy\" decoding=\"async\" class=\"wp-image-2867 alignleft\" src=\"https:\/\/fundacjawsparcie.eu\/wp-content\/uploads\/2017\/10\/Wiersz.jpg\" alt=\"\" width=\"299\" height=\"224\" srcset=\"https:\/\/fundacjawsparcie.eu\/wp-content\/uploads\/2017\/10\/Wiersz.jpg 960w, https:\/\/fundacjawsparcie.eu\/wp-content\/uploads\/2017\/10\/Wiersz-300x225.jpg 300w, https:\/\/fundacjawsparcie.eu\/wp-content\/uploads\/2017\/10\/Wiersz-768x576.jpg 768w\" sizes=\"auto, (max-width: 299px) 100vw, 299px\" \/><\/a><span style=\"color: #003366; font-family: arial, helvetica, sans-serif;\">&#8222;Jesie\u0144 to taka depresyjna cz\u0119\u015b\u0107 roku. Wygl\u0105dasz za okno \u2013 ciemno. Idziesz na dw\u00f3r \u2013 zimno. Spogl\u0105dasz w niebo \u2013 deszcz. Wszystkiego si\u0119 odechciewa \u2013 pracowa\u0107, bawi\u0107, wychodzi\u0107\u2026 \u017cy\u0107. Najch\u0119tniej cz\u0142owiek zakopa\u0142by si\u0119 pod ko\u0142dr\u0105 i\u00a0siedzia\u0142 tam, a\u017c do wiosny&#8221; napisa\u0142a autorka bloga <a href=\"http:\/\/skomplikowane.pl\/felietony\/jesien\/\">Skomplikowane .\u00a0<\/a>A my na przek\u00f3r aurze b\u0119dziemy <span style=\"color: #800000;\"><strong>Odczarowywa\u0107 jesie\u0144<\/strong><\/span>.\u00a0 <\/span><!--more--><\/h4>\n<h4 style=\"text-align: justify;\"><span style=\"color: #003366; font-family: arial, helvetica, sans-serif;\">Zapraszamy na kolorowy, pobudzaj\u0105cy zmys\u0142y tydzie\u0144. W poniedzia\u0142ek zapraszamy do kolorowych zaj\u0119\u0107 z osobami potrzebuj\u0105cymi wsparcia, wolontariuszy. We wtorek robimy bukiety z li\u015bci. Pi\u0105tek to mocny zmys\u0142owo dzie\u0144 &#8211; pobudzamy wyobra\u017ani\u0119, zmys\u0142 smaku i powonienia. A w sobot\u0119 jak uda nam si\u0119 odczarowa\u0107 jesie\u0144 b\u0119dzie ognisko i pieczone ziemniaczki.<\/span><\/h4>\n<h4><span style=\"color: #003366; font-family: arial, helvetica, sans-serif;\">Spotkania: ul. Ko\u015bciuszkowc\u00f3w 80, suterena<\/span><\/h4>\n<h4><span style=\"color: #003366; font-family: arial, helvetica, sans-serif;\">Obowi\u0105zuj\u0105 zapisy tel: 570 386 640\u00a0 i kolorowe akcenty ubra\u0144.<\/span><\/h4>\n<h4><span style=\"color: #003366; font-family: arial, helvetica, sans-serif;\"><strong><span style=\"color: #ff6600;\">16. 10.2017 r. 17.30-19.30<\/span><\/strong> Zaj\u0119cia terapeutyczne dla os\u00f3b z choroba Alzheimera i innymi zespo\u0142ami ot\u0119piennymi. Zapraszamy wolontariuszy do wsp\u00f3lnych kolorowych zaj\u0119\u0107.<\/span><\/h4>\n<h4><span style=\"color: #003366; font-family: arial, helvetica, sans-serif;\"><strong><span style=\"color: #ff6600;\">17.10.2017 r. godz. 17.00-19.00<\/span><\/strong> Robimy mi\u0119dzypokoleniowe bukiety z li\u015bci. W dobry nastr\u00f3j wprowadzi nas dobra gor\u0105ca herbatka, ciasteczko, zmys\u0142owy zapach oraz relaksacyjna muzyka.<\/span><\/h4>\n<h4><span style=\"color: #003366; font-family: arial, helvetica, sans-serif;\"><strong><span style=\"color: #ff6600;\">20.10.2017 r. godz. 17.00-19.00<\/span><\/strong> Mi\u0119dzypokoleniowe warsztaty pobudzaj\u0105ce wyobra\u017anie i inne zmys\u0142y. Robimy filcowe broszki, pijemy &#8222;r\u00f3\u017cana herbatk\u0119&#8221;, wdychamy cudowne zapachy zi\u00f3\u0142 i rozmawiamy, rozmawiamy. Mile widziane w\u0142asne, kolorowe fili\u017canki.\u00a0<\/span><\/h4>\n<h4><span style=\"color: #003366; font-family: arial, helvetica, sans-serif;\"><strong><span style=\"color: #ff6600;\">21.10.2017 r. godz. 14.00-17.00<\/span><\/strong> Planujemy ognisko,wsp\u00f3lne \u015bpiewanie przy akompaniamencie gitary i pieczone ziemniaczki. Oczywi\u015bcie jak jesie\u0144 u\u015bmiechnie si\u0119 do nas s\u0142oneczkiem. B\u0119dziemy pobudza\u0107 zmys\u0142 smaku, zapachu i rytmu :). Ognisko w miejscu Mokry \u0141ug przy stacji Warszawa Rembert\u00f3w.<\/span><\/h4>\n<h4><span style=\"font-family: arial, helvetica, sans-serif;\"><em><strong><span style=\"color: #003366;\">Nauczcie si\u0119 koniecznie wierszyka zaklinaj\u0105cego pi\u0119kna jesie\u0144.<\/span><\/strong><\/em><\/span><\/h4>\n<h4><span style=\"font-family: arial, helvetica, sans-serif;\"><em><span style=\"color: #800000;\">Jesie\u0144 na paluszkach Spaceruje w parku I rozdaje wszystkim Swe skarby w podarku<\/span><\/em><\/span><\/h4>\n<h4><span style=\"font-family: arial, helvetica, sans-serif;\"><em><span style=\"color: #800000;\">Wr\u0119cza nam bukiety Kolorowych li\u015bci I smutek zamienia W roze\u015bmiane my\u015bli<\/span><\/em><\/span><\/h4>\n<h4><span style=\"font-family: arial, helvetica, sans-serif;\"><em><span style=\"color: #800000;\">Nasypie w berety\u00a0 Albo do kieszeni \u2013Kasztan\u00f3w, \u017co\u0142\u0119dzi I z\u0142otych promieni<\/span><\/em><\/span><\/h4>\n<h4><span style=\"font-family: arial, helvetica, sans-serif;\"><em><span style=\"color: #800000;\">Pozdrowi wiewi\u00f3rk\u0119\u00a0 Roze\u015bmianym echem\u00a0 A potem po\u017cegna \u2013 Cichutko, z u\u015bmiechem\u2026<\/span><\/em><\/span><\/h4>\n<h5><span style=\"color: #003366; font-family: arial, helvetica, sans-serif;\">autor nieznany<\/span><\/h5>\n","protected":false},"excerpt":{"rendered":"<p>&#8222;Jesie\u0144 to taka depresyjna cz\u0119\u015b\u0107 roku. Wygl\u0105dasz za okno \u2013 ciemno. Idziesz na dw\u00f3r \u2013 zimno. Spogl\u0105dasz w niebo \u2013 deszcz. Wszystkiego si\u0119 odechciewa \u2013 pracowa\u0107, bawi\u0107, wychodzi\u0107\u2026 \u017cy\u0107. Najch\u0119tniej cz\u0142owiek zakopa\u0142by si\u0119 pod ko\u0142dr\u0105 i\u00a0siedzia\u0142 tam, a\u017c do wiosny&#8221; napisa\u0142a autorka bloga Skomplikowane .\u00a0A my na przek\u00f3r aurze b\u0119dziemy Odczarowywa\u0107 jesie\u0144.\u00a0<\/p>\n","protected":false},"author":1,"featured_media":0,"comment_status":"open","ping_status":"closed","sticky":false,"template":"","format":"aside","meta":{"footnotes":""},"categories":[3],"tags":[16,34,17],"class_list":["post-2865","post","type-post","status-publish","format-aside","hentry","category-projekty","tag-klub","tag-pogadanki-i-spotkania","tag-w-zgodzie-z-natura","post_format-post-format-aside"],"blocksy_meta":{"styles_descriptor":{"styles":{"desktop":"","tablet":"","mobile":""},"google_fonts":[],"version":6}},"brizy_media":[],"_links":{"self":[{"href":"https:\/\/fundacjawsparcie.eu\/index.php\/wp-json\/wp\/v2\/posts\/2865","targetHints":{"allow":["GET"]}}],"collection":[{"href":"https:\/\/fundacjawsparcie.eu\/index.php\/wp-json\/wp\/v2\/posts"}],"about":[{"href":"https:\/\/fundacjawsparcie.eu\/index.php\/wp-json\/wp\/v2\/types\/post"}],"author":[{"embeddable":true,"href":"https:\/\/fundacjawsparcie.eu\/index.php\/wp-json\/wp\/v2\/users\/1"}],"replies":[{"embeddable":true,"href":"https:\/\/fundacjawsparcie.eu\/index.php\/wp-json\/wp\/v2\/comments?post=2865"}],"version-history":[{"count":18,"href":"https:\/\/fundacjawsparcie.eu\/index.php\/wp-json\/wp\/v2\/posts\/2865\/revisions"}],"predecessor-version":[{"id":3333,"href":"https:\/\/fundacjawsparcie.eu\/index.php\/wp-json\/wp\/v2\/posts\/2865\/revisions\/3333"}],"wp:attachment":[{"href":"https:\/\/fundacjawsparcie.eu\/index.php\/wp-json\/wp\/v2\/media?parent=2865"}],"wp:term":[{"taxonomy":"category","embeddable":true,"href":"https:\/\/fundacjawsparcie.eu\/index.php\/wp-json\/wp\/v2\/categories?post=2865"},{"taxonomy":"post_tag","embeddable":true,"href":"https:\/\/fundacjawsparcie.eu\/index.php\/wp-json\/wp\/v2\/tags?post=2865"}],"curies":[{"name":"wp","href":"https:\/\/api.w.org\/{rel}","templated":true}]}}