{"id":2835,"date":"2017-09-26T20:56:44","date_gmt":"2017-09-26T18:56:44","guid":{"rendered":"http:\/\/fundacjawsparcie.eu\/?p=2835"},"modified":"2017-12-20T23:03:33","modified_gmt":"2017-12-20T22:03:33","slug":"warszawskie-dni-seniora","status":"publish","type":"post","link":"https:\/\/fundacjawsparcie.eu\/index.php\/2017\/09\/26\/warszawskie-dni-seniora\/","title":{"rendered":"Warszawskie Dni Seniora"},"content":{"rendered":"<h4 style=\"text-align: justify;\"><span style=\"color: #003366;\"><a href=\"https:\/\/fundacjawsparcie.eu\/wp-content\/uploads\/2017\/10\/WDS-nazwa.jpg\"><img loading=\"lazy\" decoding=\"async\" class=\"wp-image-2837 alignleft\" src=\"https:\/\/fundacjawsparcie.eu\/wp-content\/uploads\/2017\/10\/WDS-nazwa.jpg\" alt=\"\" width=\"262\" height=\"243\" srcset=\"https:\/\/fundacjawsparcie.eu\/wp-content\/uploads\/2017\/10\/WDS-nazwa.jpg 1654w, https:\/\/fundacjawsparcie.eu\/wp-content\/uploads\/2017\/10\/WDS-nazwa-300x278.jpg 300w, https:\/\/fundacjawsparcie.eu\/wp-content\/uploads\/2017\/10\/WDS-nazwa-768x713.jpg 768w, https:\/\/fundacjawsparcie.eu\/wp-content\/uploads\/2017\/10\/WDS-nazwa-1024x950.jpg 1024w\" sizes=\"auto, (max-width: 262px) 100vw, 262px\" \/><\/a><span style=\"font-family: arial, helvetica, sans-serif;\">W tym roku Warszawskie Dni Seniora trwaj\u0105 od 22 wrze\u015bnia do 1 pa\u017adziernika. Zako\u0144czeniem WDS jest Jarmark Kreatywno\u015bci w Ogrodzie Saskim. Fundacja Wsparcie w ramach tych dzia\u0142a\u0144 organizuje 26 wrze\u015bnia o godz. 17,30 spotkanie <span style=\"color: #800000;\"><strong>&#8222;Problemy z pami\u0119ci\u0105-zwyk\u0142e roztargnienie czy objaw choroby m\u00f3zgu&#8221;.<\/strong><\/span> Je\u017celi ci\u0105gle gubicie klucze, nie pami\u0119tacie czy wy\u0142\u0105czyli\u015bcie \u017celazko i ci\u0105gle zastanawiacie si\u0119 gdzie portfel, to zapraszamy do naszego klubu aby rozwia\u0107 wszystkie w\u0105tpliwo\u015bci.\u00a0<\/span><\/span><!--more--><\/h4>\n<h4 style=\"text-align: justify;\"><span style=\"color: #003366;\">\u017b<span style=\"font-family: arial, helvetica, sans-serif;\">ycie w napi\u0119ciu i obawa przed najgorszym powoduje du\u017cy stres i przy\u015bpiesza chorob\u0119. A by\u0107 mo\u017ce mamy tyle na g\u0142owie, \u017ce zaburzenia pami\u0119ci s\u0105 normalnym roztargnieniem.Na spotkaniu dowiemy si\u0119 co nas powinno niepokoi\u0107 i jaka mo\u017ce by\u0107 przyczyna naszego zachowania. Co sprawdzi\u0107 i gdzie.\u00a0Wczesne wykrycie zaburze\u0144 poznawczych pozwala na wprowadzenie leczenia farmakologicznego, kt\u00f3re mo\u017ce\u00a0<\/span><\/span><span style=\"color: #003366; font-family: arial, helvetica, sans-serif;\">op\u00f3\u017ani\u0107 moment wyst\u0105pienia kolejnych etap\u00f3w choroby.Wczesne wykrycie choroby ma r\u00f3wnie\u017c wymiar psychologiczny, pozwala bowiem osobie chorej oraz rodzinie przygotowa\u0107 si\u0119 na post\u0119puj\u0105cy proces chorobowy, a to jest bardzo wa\u017cne. Pami\u0119tajmy, \u017ce aby ustrzec si\u0119 albo cho\u0107 spowolni\u0107 ka\u017cd\u0105 chorob\u0119 powinni\u015bmy prowadzi\u0107 zdrowy styl \u017cycia: odpowiednio zbilansowana dieta adekwatna do wieku, wysi\u0142ek fizyczni i odpoczynek.<\/span><\/h4>\n<h4 style=\"text-align: justify;\"><span style=\"color: #0000ff; font-family: arial, helvetica, sans-serif;\">Wi\u0119cej o WDS:<\/span><\/h4>\n<h5><span style=\"color: #0000ff; font-family: arial, helvetica, sans-serif;\">\u00a0http:\/\/senioralna.um.warszawa.pl\/projekty\/warszawskie-dni-seniora<\/span><\/h5>\n<h5><span style=\"color: #0000ff; font-family: arial, helvetica, sans-serif;\">http:\/\/senioralna.um.warszawa.pl\/aktualnosci\/wydarzenia\/nowe-fotorelacje-z-warszawskich-dni-seniora<\/span><\/h5>\n<h5><span style=\"color: #0000ff; font-family: arial, helvetica, sans-serif;\">http:\/\/senioralna.um.warszawa.pl\/aktualnosci\/wydarzenia\/jarmark-kreatywno-ci-ju-najbli-sz-niedziel-w-ogrodzie-saskim<\/span><\/h5>\n","protected":false},"excerpt":{"rendered":"<p>W tym roku Warszawskie Dni Seniora trwaj\u0105 od 22 wrze\u015bnia do 1 pa\u017adziernika. Zako\u0144czeniem WDS jest Jarmark Kreatywno\u015bci w Ogrodzie Saskim. Fundacja Wsparcie w ramach tych dzia\u0142a\u0144 organizuje 26 wrze\u015bnia o godz. 17,30 spotkanie &#8222;Problemy z pami\u0119ci\u0105-zwyk\u0142e roztargnienie czy objaw choroby m\u00f3zgu&#8221;. Je\u017celi ci\u0105gle gubicie klucze, nie pami\u0119tacie czy wy\u0142\u0105czyli\u015bcie \u017celazko i ci\u0105gle zastanawiacie si\u0119 [&hellip;]<\/p>\n","protected":false},"author":1,"featured_media":0,"comment_status":"open","ping_status":"closed","sticky":false,"template":"","format":"aside","meta":{"footnotes":""},"categories":[3],"tags":[16,34,49],"class_list":["post-2835","post","type-post","status-publish","format-aside","hentry","category-projekty","tag-klub","tag-pogadanki-i-spotkania","tag-wspolpraca","post_format-post-format-aside"],"blocksy_meta":{"styles_descriptor":{"styles":{"desktop":"","tablet":"","mobile":""},"google_fonts":[],"version":6}},"brizy_media":[],"_links":{"self":[{"href":"https:\/\/fundacjawsparcie.eu\/index.php\/wp-json\/wp\/v2\/posts\/2835","targetHints":{"allow":["GET"]}}],"collection":[{"href":"https:\/\/fundacjawsparcie.eu\/index.php\/wp-json\/wp\/v2\/posts"}],"about":[{"href":"https:\/\/fundacjawsparcie.eu\/index.php\/wp-json\/wp\/v2\/types\/post"}],"author":[{"embeddable":true,"href":"https:\/\/fundacjawsparcie.eu\/index.php\/wp-json\/wp\/v2\/users\/1"}],"replies":[{"embeddable":true,"href":"https:\/\/fundacjawsparcie.eu\/index.php\/wp-json\/wp\/v2\/comments?post=2835"}],"version-history":[{"count":14,"href":"https:\/\/fundacjawsparcie.eu\/index.php\/wp-json\/wp\/v2\/posts\/2835\/revisions"}],"predecessor-version":[{"id":3334,"href":"https:\/\/fundacjawsparcie.eu\/index.php\/wp-json\/wp\/v2\/posts\/2835\/revisions\/3334"}],"wp:attachment":[{"href":"https:\/\/fundacjawsparcie.eu\/index.php\/wp-json\/wp\/v2\/media?parent=2835"}],"wp:term":[{"taxonomy":"category","embeddable":true,"href":"https:\/\/fundacjawsparcie.eu\/index.php\/wp-json\/wp\/v2\/categories?post=2835"},{"taxonomy":"post_tag","embeddable":true,"href":"https:\/\/fundacjawsparcie.eu\/index.php\/wp-json\/wp\/v2\/tags?post=2835"}],"curies":[{"name":"wp","href":"https:\/\/api.w.org\/{rel}","templated":true}]}}