{"id":2687,"date":"2017-09-05T15:33:03","date_gmt":"2017-09-05T13:33:03","guid":{"rendered":"http:\/\/fundacjawsparcie.eu\/?p=2687"},"modified":"2017-12-19T23:05:42","modified_gmt":"2017-12-19T22:05:42","slug":"wrzesien-pod-haslem-pamietaj-o-mnie","status":"publish","type":"post","link":"https:\/\/fundacjawsparcie.eu\/index.php\/2017\/09\/05\/wrzesien-pod-haslem-pamietaj-o-mnie\/","title":{"rendered":"Wrzesie\u0144 pod has\u0142em&#8221; Pami\u0119taj o mnie&#8221;"},"content":{"rendered":"<h4><span style=\"color: #003366; font-family: arial, helvetica, sans-serif;\">Wrzesie\u0144 pod has\u0142em<span style=\"color: #800000;\"><strong> &#8222;Pami\u0119taj o mnie&#8221;<\/strong><\/span><\/span><\/h4>\n<h4 style=\"text-align: justify;\"><span style=\"font-family: arial, helvetica, sans-serif;\"><span style=\"color: #003366;\">Wrzesie\u0144 b\u0119dzie dla nas miesi\u0105cem bardzo aktywnym. B\u0119d\u0105 dzia\u0142ania dla dzieci ale skupimy si\u0119 przede wszystkim na seniorach i osobach \u00a0borykaj\u0105cych si\u0119 z problemami zespo\u0142\u00f3w ot\u0119piennych. Wrzesie\u0144 to mi\u0119dzy innymi \u015awiatowy Dzie\u0144 Choroby Alzheimera i Warszawski Tydzie\u0144 Seniora.<\/span><!--more--><\/span><\/h4>\n<h4 style=\"text-align: justify;\"><span style=\"color: #003366; font-family: arial, helvetica, sans-serif;\"><strong style=\"color: #003366;\">26\u00a0<\/strong><span style=\"color: #003366;\"><strong>wrze\u015bnia<\/strong>\u00a0godz. 17.30-19.00 spotkanie w ramach <\/span><strong style=\"color: #003366;\">Warszawskich Dni Seniora<\/strong><span style=\"color: #003366;\"> &#8222;Problemy z pami\u0119ci\u0105 &#8211; zwyk\u0142e roztargnienie czy objaw choroby m\u00f3zgu&#8221;<\/span><\/span><\/h4>\n<p><span style=\"font-family: arial, helvetica, sans-serif;\"><a href=\"https:\/\/fundacjawsparcie.eu\/wp-content\/uploads\/2017\/09\/22045692_883431328471509_1483423112884341885_n.jpg\"><img loading=\"lazy\" decoding=\"async\" class=\"wp-image-2767 alignnone\" src=\"https:\/\/fundacjawsparcie.eu\/wp-content\/uploads\/2017\/09\/22045692_883431328471509_1483423112884341885_n.jpg\" alt=\"\" width=\"347\" height=\"261\" \/><\/a><\/span><\/p>\n<h4><span style=\"color: #003366; font-family: arial, helvetica, sans-serif;\"><strong>19 wrze\u015bnia<\/strong> godz. 17.00-18.30 pod has\u0142em &#8222;jeste\u015bmy kreatywni&#8221; dzieci robi\u0142y sow\u0119 oznak\u0119 m\u0105dro\u015bci a przy okazji ozdabia\u0142y jesiennie nasz klubik.<\/span><\/h4>\n<p><a href=\"https:\/\/fundacjawsparcie.eu\/wp-content\/uploads\/2017\/09\/21849031_1443043485784483_1734387633_n.jpg\"><img loading=\"lazy\" decoding=\"async\" class=\"wp-image-2764 alignnone\" src=\"https:\/\/fundacjawsparcie.eu\/wp-content\/uploads\/2017\/09\/21849031_1443043485784483_1734387633_n.jpg\" alt=\"\" width=\"232\" height=\"418\" srcset=\"https:\/\/fundacjawsparcie.eu\/wp-content\/uploads\/2017\/09\/21849031_1443043485784483_1734387633_n.jpg 400w, https:\/\/fundacjawsparcie.eu\/wp-content\/uploads\/2017\/09\/21849031_1443043485784483_1734387633_n-167x300.jpg 167w\" sizes=\"auto, (max-width: 232px) 100vw, 232px\" \/><\/a><\/p>\n<h4 style=\"text-align: justify;\"><span style=\"color: #003366; font-family: arial, helvetica, sans-serif;\"><strong>15 wrze\u015bnia<\/strong> godz.16.00-19.00 <strong><a href=\"https:\/\/fundacjawsparcie.eu\/index.php\/2017\/05\/03\/dni-otwarte-2\/#more-1975\">Dzie\u0144 Otwarty<\/a> <\/strong><a href=\"https:\/\/fundacjawsparcie.eu\/wp-content\/uploads\/2017\/04\/de_Memo.png\"><img loading=\"lazy\" decoding=\"async\" class=\"wp-image-1688 alignnone\" src=\"https:\/\/fundacjawsparcie.eu\/wp-content\/uploads\/2017\/04\/de_Memo.png\" alt=\"\" width=\"172\" height=\"34\" srcset=\"https:\/\/fundacjawsparcie.eu\/wp-content\/uploads\/2017\/04\/de_Memo.png 1462w, https:\/\/fundacjawsparcie.eu\/wp-content\/uploads\/2017\/04\/de_Memo-300x59.png 300w, https:\/\/fundacjawsparcie.eu\/wp-content\/uploads\/2017\/04\/de_Memo-768x151.png 768w, https:\/\/fundacjawsparcie.eu\/wp-content\/uploads\/2017\/04\/de_Memo-1024x202.png 1024w\" sizes=\"auto, (max-width: 172px) 100vw, 172px\" \/><\/a>Warsztat Warszawski Pl. Konstytucji 4 &#8222;Komunikacja z chorym na chorob\u0119 Alzheimera i inne zespo\u0142y ot\u0119pienne-metoda Tepy Snow&#8221;<\/span><\/h4>\n<p><a href=\"https:\/\/fundacjawsparcie.eu\/wp-content\/uploads\/2017\/09\/Parasol-demencji.jpg\"><img loading=\"lazy\" decoding=\"async\" class=\"wp-image-2763 alignnone\" src=\"https:\/\/fundacjawsparcie.eu\/wp-content\/uploads\/2017\/09\/Parasol-demencji.jpg\" alt=\"\" width=\"347\" height=\"231\" srcset=\"https:\/\/fundacjawsparcie.eu\/wp-content\/uploads\/2017\/09\/Parasol-demencji.jpg 6000w, https:\/\/fundacjawsparcie.eu\/wp-content\/uploads\/2017\/09\/Parasol-demencji-300x200.jpg 300w, https:\/\/fundacjawsparcie.eu\/wp-content\/uploads\/2017\/09\/Parasol-demencji-768x512.jpg 768w, https:\/\/fundacjawsparcie.eu\/wp-content\/uploads\/2017\/09\/Parasol-demencji-1024x683.jpg 1024w, https:\/\/fundacjawsparcie.eu\/wp-content\/uploads\/2017\/09\/Parasol-demencji-272x182.jpg 272w\" sizes=\"auto, (max-width: 347px) 100vw, 347px\" \/><\/a><\/p>\n<h4 style=\"text-align: justify;\"><span style=\"color: #003366; font-family: arial, helvetica, sans-serif;\"><strong>9 wrze\u015bnia<\/strong> w godzinach 11.00-16.00 bierzemy udzia\u0142 w <strong><a href=\"https:\/\/fundacjawsparcie.eu\/index.php\/2017\/09\/10\/piknik-rodzinny-w-aninie\/#more-2733\">Pikniku Rodzinnym<\/a> <\/strong>\u00a0OSiR ul. V Poprzeczna 22, Anin<\/span><\/h4>\n<h4 style=\"text-align: justify;\"><span style=\"color: #003366; font-family: arial, helvetica, sans-serif;\">By\u0142 to Piknik Rodzinny, cudowna pogoda i cudowna atmosfera.<\/span><\/h4>\n<p><img loading=\"lazy\" decoding=\"async\" class=\"\" src=\"https:\/\/lh3.googleusercontent.com\/HFbWddA8O6KMOCzAXjfcRm5T4MQTtYR3pSnbgsL83z-YH0cIZg842QkX-LHBnXF_ssAFHgTYJtMeS9hpY3D3s0C0rkMJjI0YMlYzU1kH1rO-2pwryTF6NCWsI_GoDVXO4ACrKzh6ICVDIO2JXmV3-Ccpo3lHoMAlQOmsX_3YoIlkJqARRhnnHKnKtB4DFGKHetMXOR2dcaZUW8ZqgYUNWuUwoBLHe1xL70S_emzVVtBeQseXeBcREqtDaWDU4_nOh9GdfeaiRhgmu4bLifQcPDcWspXpSYqNRBVa4GejrRoe0IMnumh4047OUquopKdJqlhWTnETroKKvZOtys-_cUh_GHdbGaEhXgn2as6a7OUsv_AzaX76soPVPeg-gnuxn522svqf5PM1QjByDg1OQiLYX1XlpVSmBkTpiIekchiCuxf6LCV5JdCJrZWonjvlrTfpuOcj70U0xL820PxlGb_5SVgaMTYoizFS4auCz6sHoIDjMIiJndUwNcaXQRHiLQLrpwjBaxOqmDyWSgMfwDBwk1IwV5z7we99y6iKgaBrfHFdBh0xxFN-w96LdzguP4R3ZXVkp5su4nh-HdBBP-mDlXna5u-5ZvZA_VSV4w=s589-no\" width=\"323\" height=\"323\" \/><\/p>\n<h4 style=\"text-align: justify;\"><span style=\"font-family: arial, helvetica, sans-serif;\"><span style=\"color: #003366;\"><strong>\u00a07 wrze\u015bnia<\/strong>\u00a0godz. 11.00\u00a0spotkanie\u00a0w ramach <strong><a href=\"https:\/\/fundacjawsparcie.eu\/index.php\/2017\/05\/03\/1961\/#more-1961\">Programu Wolontariatu<\/a><\/strong> <a href=\"https:\/\/fundacjawsparcie.eu\/wp-content\/uploads\/2017\/04\/de_Memo.png\"><img loading=\"lazy\" decoding=\"async\" class=\"wp-image-1688 alignnone\" src=\"https:\/\/fundacjawsparcie.eu\/wp-content\/uploads\/2017\/04\/de_Memo.png\" alt=\"\" width=\"172\" height=\"34\" srcset=\"https:\/\/fundacjawsparcie.eu\/wp-content\/uploads\/2017\/04\/de_Memo.png 1462w, https:\/\/fundacjawsparcie.eu\/wp-content\/uploads\/2017\/04\/de_Memo-300x59.png 300w, https:\/\/fundacjawsparcie.eu\/wp-content\/uploads\/2017\/04\/de_Memo-768x151.png 768w, https:\/\/fundacjawsparcie.eu\/wp-content\/uploads\/2017\/04\/de_Memo-1024x202.png 1024w\" sizes=\"auto, (max-width: 172px) 100vw, 172px\" \/><\/a>\u00a0<\/span><span style=\"color: #003366;\">ul. \u015awi\u0119tojerska 12 a \u00a0Centrum Pomocy Spo\u0142ecznej, spotkanie z dyplomowan\u0105 zielark\u0105. Temat spotkania to <a href=\"https:\/\/fundacjawsparcie.eu\/index.php\/2017\/09\/08\/program-wolontariatu\/#more-2716\">&#8222;Wp\u0142yw zi\u00f3\u0142 za chorob\u0119 Alzheimera i inne zespo\u0142y ot\u0119pienne&#8221;<\/a><\/span><\/span><a href=\"https:\/\/fundacjawsparcie.eu\/wp-content\/uploads\/2017\/09\/21441619_1454933801280177_1040839779_o-COLLAGE.jpg\"><img loading=\"lazy\" decoding=\"async\" class=\"wp-image-2704 alignleft\" src=\"https:\/\/fundacjawsparcie.eu\/wp-content\/uploads\/2017\/09\/21441619_1454933801280177_1040839779_o-COLLAGE.jpg\" alt=\"\" width=\"342\" height=\"342\" srcset=\"https:\/\/fundacjawsparcie.eu\/wp-content\/uploads\/2017\/09\/21441619_1454933801280177_1040839779_o-COLLAGE.jpg 638w, https:\/\/fundacjawsparcie.eu\/wp-content\/uploads\/2017\/09\/21441619_1454933801280177_1040839779_o-COLLAGE-150x150.jpg 150w, https:\/\/fundacjawsparcie.eu\/wp-content\/uploads\/2017\/09\/21441619_1454933801280177_1040839779_o-COLLAGE-300x300.jpg 300w\" sizes=\"auto, (max-width: 342px) 100vw, 342px\" \/><\/a><\/h4>\n<h4><\/h4>\n<h4><\/h4>\n<h4><\/h4>\n<h4><\/h4>\n<h4><\/h4>\n<h4><\/h4>\n<h4><\/h4>\n<h4><\/h4>\n<h4><span style=\"color: #003366; font-family: arial, helvetica, sans-serif;\"><strong>5 wrze\u015bnia<\/strong> w naszym klubiku dzieci mia\u0142y mo\u017cliwo\u015b\u0107 zabawy w przebieranki.\u00a0<\/span><a href=\"https:\/\/fundacjawsparcie.eu\/wp-content\/uploads\/2017\/09\/FotobudkaCOLLAGE.jpg\"><img loading=\"lazy\" decoding=\"async\" class=\"wp-image-2705 alignleft\" src=\"https:\/\/fundacjawsparcie.eu\/wp-content\/uploads\/2017\/09\/FotobudkaCOLLAGE.jpg\" alt=\"\" width=\"343\" height=\"343\" srcset=\"https:\/\/fundacjawsparcie.eu\/wp-content\/uploads\/2017\/09\/FotobudkaCOLLAGE.jpg 589w, https:\/\/fundacjawsparcie.eu\/wp-content\/uploads\/2017\/09\/FotobudkaCOLLAGE-150x150.jpg 150w, https:\/\/fundacjawsparcie.eu\/wp-content\/uploads\/2017\/09\/FotobudkaCOLLAGE-300x300.jpg 300w\" sizes=\"auto, (max-width: 343px) 100vw, 343px\" \/><\/a><\/h4>\n<h4><\/h4>\n<h4><\/h4>\n<h4><\/h4>\n<h4><\/h4>\n<h4><\/h4>\n<h4><\/h4>\n<h4><\/h4>\n<h4><\/h4>\n<h4><span style=\"font-family: arial, helvetica, sans-serif;\"><span style=\"color: #003366;\">od <strong>4 wrze\u015bnia<\/strong> wznowili\u015bmy dzia\u0142ania <span style=\"color: #0000ff;\"><strong><a href=\"https:\/\/fundacjawsparcie.eu\/index.php\/2017\/05\/03\/psychoedukacyjna-grupa-wsparcia\/#more-1980\">Psychoedukacyjnej Grupy Wsparcia<\/a><\/strong> <\/span>i <span style=\"color: #0000ff;\"><strong><a href=\"https:\/\/fundacjawsparcie.eu\/index.php\/2017\/05\/03\/zajecia-terapeutyczne-dla-osob-chorych-2\/#more-1978\">Zaj\u0119\u0107\u00a0Terapeutycznych\u00a0<\/a><\/strong>.<\/span><\/span><img loading=\"lazy\" decoding=\"async\" class=\"wp-image-1688 alignnone\" src=\"https:\/\/fundacjawsparcie.eu\/wp-content\/uploads\/2017\/04\/de_Memo.png\" alt=\"\" width=\"142\" height=\"28\" srcset=\"https:\/\/fundacjawsparcie.eu\/wp-content\/uploads\/2017\/04\/de_Memo.png 1462w, https:\/\/fundacjawsparcie.eu\/wp-content\/uploads\/2017\/04\/de_Memo-300x59.png 300w, https:\/\/fundacjawsparcie.eu\/wp-content\/uploads\/2017\/04\/de_Memo-768x151.png 768w, https:\/\/fundacjawsparcie.eu\/wp-content\/uploads\/2017\/04\/de_Memo-1024x202.png 1024w\" sizes=\"auto, (max-width: 142px) 100vw, 142px\" \/><\/span><\/h4>\n<h4><a href=\"https:\/\/fundacjawsparcie.eu\/wp-content\/uploads\/2017\/09\/COLLAGE.jpg\"><img loading=\"lazy\" decoding=\"async\" class=\"wp-image-2688 alignnone\" src=\"https:\/\/fundacjawsparcie.eu\/wp-content\/uploads\/2017\/09\/COLLAGE.jpg\" alt=\"\" width=\"335\" height=\"335\" srcset=\"https:\/\/fundacjawsparcie.eu\/wp-content\/uploads\/2017\/09\/COLLAGE.jpg 841w, https:\/\/fundacjawsparcie.eu\/wp-content\/uploads\/2017\/09\/COLLAGE-150x150.jpg 150w, https:\/\/fundacjawsparcie.eu\/wp-content\/uploads\/2017\/09\/COLLAGE-300x300.jpg 300w, https:\/\/fundacjawsparcie.eu\/wp-content\/uploads\/2017\/09\/COLLAGE-768x768.jpg 768w\" sizes=\"auto, (max-width: 335px) 100vw, 335px\" \/><\/a><\/h4>\n","protected":false},"excerpt":{"rendered":"<p>Wrzesie\u0144 pod has\u0142em &#8222;Pami\u0119taj o mnie&#8221; Wrzesie\u0144 b\u0119dzie dla nas miesi\u0105cem bardzo aktywnym. B\u0119d\u0105 dzia\u0142ania dla dzieci ale skupimy si\u0119 przede wszystkim na seniorach i osobach \u00a0borykaj\u0105cych si\u0119 z problemami zespo\u0142\u00f3w ot\u0119piennych. Wrzesie\u0144 to mi\u0119dzy innymi \u015awiatowy Dzie\u0144 Choroby Alzheimera i Warszawski Tydzie\u0144 Seniora.<\/p>\n","protected":false},"author":1,"featured_media":0,"comment_status":"open","ping_status":"closed","sticky":false,"template":"","format":"aside","meta":{"footnotes":""},"categories":[3],"tags":[39,16,34],"class_list":["post-2687","post","type-post","status-publish","format-aside","hentry","category-projekty","tag-dememo","tag-klub","tag-pogadanki-i-spotkania","post_format-post-format-aside"],"blocksy_meta":{"styles_descriptor":{"styles":{"desktop":"","tablet":"","mobile":""},"google_fonts":[],"version":6}},"brizy_media":[],"_links":{"self":[{"href":"https:\/\/fundacjawsparcie.eu\/index.php\/wp-json\/wp\/v2\/posts\/2687","targetHints":{"allow":["GET"]}}],"collection":[{"href":"https:\/\/fundacjawsparcie.eu\/index.php\/wp-json\/wp\/v2\/posts"}],"about":[{"href":"https:\/\/fundacjawsparcie.eu\/index.php\/wp-json\/wp\/v2\/types\/post"}],"author":[{"embeddable":true,"href":"https:\/\/fundacjawsparcie.eu\/index.php\/wp-json\/wp\/v2\/users\/1"}],"replies":[{"embeddable":true,"href":"https:\/\/fundacjawsparcie.eu\/index.php\/wp-json\/wp\/v2\/comments?post=2687"}],"version-history":[{"count":34,"href":"https:\/\/fundacjawsparcie.eu\/index.php\/wp-json\/wp\/v2\/posts\/2687\/revisions"}],"predecessor-version":[{"id":2691,"href":"https:\/\/fundacjawsparcie.eu\/index.php\/wp-json\/wp\/v2\/posts\/2687\/revisions\/2691"}],"wp:attachment":[{"href":"https:\/\/fundacjawsparcie.eu\/index.php\/wp-json\/wp\/v2\/media?parent=2687"}],"wp:term":[{"taxonomy":"category","embeddable":true,"href":"https:\/\/fundacjawsparcie.eu\/index.php\/wp-json\/wp\/v2\/categories?post=2687"},{"taxonomy":"post_tag","embeddable":true,"href":"https:\/\/fundacjawsparcie.eu\/index.php\/wp-json\/wp\/v2\/tags?post=2687"}],"curies":[{"name":"wp","href":"https:\/\/api.w.org\/{rel}","templated":true}]}}