{"id":2515,"date":"2017-07-21T12:22:14","date_gmt":"2017-07-21T10:22:14","guid":{"rendered":"http:\/\/fundacjawsparcie.eu\/?p=2515"},"modified":"2017-12-31T16:07:08","modified_gmt":"2017-12-31T15:07:08","slug":"dzien-czerwonego-kapturka","status":"publish","type":"post","link":"https:\/\/fundacjawsparcie.eu\/index.php\/2017\/07\/21\/dzien-czerwonego-kapturka\/","title":{"rendered":"Dzie\u0144 Czerwonego Kapturka"},"content":{"rendered":"<h4 style=\"text-align: justify;\"><a href=\"https:\/\/fundacjawsparcie.eu\/wp-content\/uploads\/2017\/07\/Agata-i-Czerwony-COLLAGE.jpg\"><img loading=\"lazy\" decoding=\"async\" class=\"wp-image-2524 alignleft\" src=\"https:\/\/fundacjawsparcie.eu\/wp-content\/uploads\/2017\/07\/Agata-i-Czerwony-COLLAGE.jpg\" alt=\"\" width=\"253\" height=\"253\" srcset=\"https:\/\/fundacjawsparcie.eu\/wp-content\/uploads\/2017\/07\/Agata-i-Czerwony-COLLAGE.jpg 841w, https:\/\/fundacjawsparcie.eu\/wp-content\/uploads\/2017\/07\/Agata-i-Czerwony-COLLAGE-150x150.jpg 150w, https:\/\/fundacjawsparcie.eu\/wp-content\/uploads\/2017\/07\/Agata-i-Czerwony-COLLAGE-300x300.jpg 300w, https:\/\/fundacjawsparcie.eu\/wp-content\/uploads\/2017\/07\/Agata-i-Czerwony-COLLAGE-768x768.jpg 768w\" sizes=\"auto, (max-width: 253px) 100vw, 253px\" \/><\/a><span style=\"color: #003366; font-family: arial, helvetica, sans-serif;\">Ka\u017cdy z nas ma swoje ulubione bajki. Jedn\u0105 z bajek, kt\u00f3re s\u0105 wiecznie m\u0142ode i czytane dzieciom jest Czerwony Kapturek.<span style=\"color: #800000;\"> <strong>\u015awi\u0119to Czerwonego Kapturka <\/strong><\/span>obchodzimy 19 lipca. \u00a0Z tej okazji w naszym klubie czytali\u015bmy wsp\u00f3lnie bajk\u0119 i rozmawiali\u015bmy o prze\u017cyciach jakie mia\u0142 Czerwony Kapturek.\u00a0<em>Mora\u0142 bajki\u00a0m\u00f3wi o\u00a0tym, \u017ce\u00a0nale\u017cy\u00a0s\u0142ucha\u0107 doros\u0142ych, gdy\u017c je\u015bli czego\u015b nam zabraniaj\u0105, to wiedz\u0105, dlaczego to robi\u0105.<\/em> Czy tak jest naprawd\u0119?Pytali\u015bmy dzieci i doros\u0142ych. \u00a0Po przeczytaniu opowie\u015bci wsp\u00f3lnie robili\u015bmy zak\u0142adki\u00a0do ksi\u0105\u017cek. Mamy nadziej\u0119, \u017ce kolorowe, samodzielnie wykonane zak\u0142adki zach\u0119ca\u00a0dzieci do czytania. Nasza kole\u017canka znalaz\u0142a te\u017c Czerwonego Kapturka w Pacanowie.<\/span><\/h4>\n","protected":false},"excerpt":{"rendered":"<p>Ka\u017cdy z nas ma swoje ulubione bajki. Jedn\u0105 z bajek, kt\u00f3re s\u0105 wiecznie m\u0142ode i czytane dzieciom jest Czerwony Kapturek. \u015awi\u0119to Czerwonego Kapturka obchodzimy 19 lipca. \u00a0Z tej okazji w naszym klubie czytali\u015bmy wsp\u00f3lnie bajk\u0119 i rozmawiali\u015bmy o prze\u017cyciach jakie mia\u0142 Czerwony Kapturek.\u00a0Mora\u0142 bajki\u00a0m\u00f3wi o\u00a0tym, \u017ce\u00a0nale\u017cy\u00a0s\u0142ucha\u0107 doros\u0142ych, gdy\u017c je\u015bli czego\u015b nam zabraniaj\u0105, to wiedz\u0105, dlaczego [&hellip;]<\/p>\n","protected":false},"author":1,"featured_media":0,"comment_status":"open","ping_status":"closed","sticky":false,"template":"","format":"aside","meta":{"footnotes":""},"categories":[3],"tags":[16,34],"class_list":["post-2515","post","type-post","status-publish","format-aside","hentry","category-projekty","tag-klub","tag-pogadanki-i-spotkania","post_format-post-format-aside"],"blocksy_meta":{"styles_descriptor":{"styles":{"desktop":"","tablet":"","mobile":""},"google_fonts":[],"version":6}},"brizy_media":[],"_links":{"self":[{"href":"https:\/\/fundacjawsparcie.eu\/index.php\/wp-json\/wp\/v2\/posts\/2515","targetHints":{"allow":["GET"]}}],"collection":[{"href":"https:\/\/fundacjawsparcie.eu\/index.php\/wp-json\/wp\/v2\/posts"}],"about":[{"href":"https:\/\/fundacjawsparcie.eu\/index.php\/wp-json\/wp\/v2\/types\/post"}],"author":[{"embeddable":true,"href":"https:\/\/fundacjawsparcie.eu\/index.php\/wp-json\/wp\/v2\/users\/1"}],"replies":[{"embeddable":true,"href":"https:\/\/fundacjawsparcie.eu\/index.php\/wp-json\/wp\/v2\/comments?post=2515"}],"version-history":[{"count":12,"href":"https:\/\/fundacjawsparcie.eu\/index.php\/wp-json\/wp\/v2\/posts\/2515\/revisions"}],"predecessor-version":[{"id":3339,"href":"https:\/\/fundacjawsparcie.eu\/index.php\/wp-json\/wp\/v2\/posts\/2515\/revisions\/3339"}],"wp:attachment":[{"href":"https:\/\/fundacjawsparcie.eu\/index.php\/wp-json\/wp\/v2\/media?parent=2515"}],"wp:term":[{"taxonomy":"category","embeddable":true,"href":"https:\/\/fundacjawsparcie.eu\/index.php\/wp-json\/wp\/v2\/categories?post=2515"},{"taxonomy":"post_tag","embeddable":true,"href":"https:\/\/fundacjawsparcie.eu\/index.php\/wp-json\/wp\/v2\/tags?post=2515"}],"curies":[{"name":"wp","href":"https:\/\/api.w.org\/{rel}","templated":true}]}}