{"id":2414,"date":"2017-06-23T22:34:40","date_gmt":"2017-06-23T20:34:40","guid":{"rendered":"http:\/\/fundacjawsparcie.eu\/?p=2414"},"modified":"2017-12-31T16:08:40","modified_gmt":"2017-12-31T15:08:40","slug":"dzien-ojca","status":"publish","type":"post","link":"https:\/\/fundacjawsparcie.eu\/index.php\/2017\/06\/23\/dzien-ojca\/","title":{"rendered":"Dzie\u0144 Ojca"},"content":{"rendered":"<h4 style=\"text-align: justify;\"><span style=\"color: #003366;\"><a href=\"https:\/\/fundacjawsparcie.eu\/wp-content\/uploads\/2017\/06\/dzien-ojca.jpg\"><img loading=\"lazy\" decoding=\"async\" class=\"wp-image-2416 alignleft\" src=\"https:\/\/fundacjawsparcie.eu\/wp-content\/uploads\/2017\/06\/dzien-ojca.jpg\" alt=\"\" width=\"300\" height=\"220\" \/><\/a><span style=\"font-family: arial, helvetica, sans-serif;\">20 czerwca 2017 r. by\u0142 w Klubie Mi\u0119dzypokoleniowym dniem <strong><span style=\"color: #800000;\">&#8222;Kreatywno\u015bci na Dzie\u0144 Ojca&#8221;.<\/span><\/strong> Obchody tego \u015bwi\u0119ta\u00a0obchodzone s\u0105 \u00a0w wielu krajach na \u015bwiecie w r\u00f3\u017cnych terminach. W Polsce \u015bwi\u0119to, kt\u00f3re jest wyrazem szacunku i wdzi\u0119czno\u015bci ojcom celebrujemy 23 czerwca. Dzie\u0144 Ojca obchodzimy w naszym kraju od 1965 roku. Chocia\u017c obchody Dnia Ojca, nie s\u0105 tak popularne jak Dnia Matki, to 23 czerwca powinni\u015bmy pami\u0119ta\u0107 o tym, aby z\u0142o\u017cy\u0107 naszym ojcom \u017cyczenia i podzi\u0119kowa\u0107 za trud w\u0142o\u017cony w nasze wychowanie.<\/span><\/span><!--more--><\/h4>\n<h4 style=\"text-align: justify;\"><span style=\"color: #003366; font-family: arial, helvetica, sans-serif;\">Z tej okazji dzieci przygotowa\u0142y dla swoich Tatusi\u00f3w ozdoby typu breloczki itp. Maluszkom pomaga\u0142y mamy.<\/span><\/h4>\n<p>&nbsp;<\/p>\n<p><a href=\"https:\/\/fundacjawsparcie.eu\/wp-content\/uploads\/2017\/06\/19478248_1358435554245277_1690366155_n.jpg\"><img loading=\"lazy\" decoding=\"async\" class=\"size-medium wp-image-2415 alignnone\" src=\"https:\/\/fundacjawsparcie.eu\/wp-content\/uploads\/2017\/06\/19478248_1358435554245277_1690366155_n-300x264.jpg\" alt=\"\" width=\"300\" height=\"264\" srcset=\"https:\/\/fundacjawsparcie.eu\/wp-content\/uploads\/2017\/06\/19478248_1358435554245277_1690366155_n-300x264.jpg 300w, https:\/\/fundacjawsparcie.eu\/wp-content\/uploads\/2017\/06\/19478248_1358435554245277_1690366155_n-768x677.jpg 768w, https:\/\/fundacjawsparcie.eu\/wp-content\/uploads\/2017\/06\/19478248_1358435554245277_1690366155_n.jpg 960w\" sizes=\"auto, (max-width: 300px) 100vw, 300px\" \/><\/a><a href=\"https:\/\/fundacjawsparcie.eu\/wp-content\/uploads\/2017\/06\/19397743_1355253697896796_11860145_n.jpg\"><img loading=\"lazy\" decoding=\"async\" class=\"wp-image-2419 alignnone\" src=\"https:\/\/fundacjawsparcie.eu\/wp-content\/uploads\/2017\/06\/19397743_1355253697896796_11860145_n.jpg\" alt=\"\" width=\"466\" height=\"262\" srcset=\"https:\/\/fundacjawsparcie.eu\/wp-content\/uploads\/2017\/06\/19397743_1355253697896796_11860145_n.jpg 720w, https:\/\/fundacjawsparcie.eu\/wp-content\/uploads\/2017\/06\/19397743_1355253697896796_11860145_n-300x169.jpg 300w\" sizes=\"auto, (max-width: 466px) 100vw, 466px\" \/><\/a><\/p>\n<p>&nbsp;<\/p>\n","protected":false},"excerpt":{"rendered":"<p>20 czerwca 2017 r. by\u0142 w Klubie Mi\u0119dzypokoleniowym dniem &#8222;Kreatywno\u015bci na Dzie\u0144 Ojca&#8221;. Obchody tego \u015bwi\u0119ta\u00a0obchodzone s\u0105 \u00a0w wielu krajach na \u015bwiecie w r\u00f3\u017cnych terminach. W Polsce \u015bwi\u0119to, kt\u00f3re jest wyrazem szacunku i wdzi\u0119czno\u015bci ojcom celebrujemy 23 czerwca. Dzie\u0144 Ojca obchodzimy w naszym kraju od 1965 roku. Chocia\u017c obchody Dnia Ojca, nie s\u0105 tak popularne [&hellip;]<\/p>\n","protected":false},"author":1,"featured_media":0,"comment_status":"open","ping_status":"closed","sticky":false,"template":"","format":"aside","meta":{"footnotes":""},"categories":[3],"tags":[16,34],"class_list":["post-2414","post","type-post","status-publish","format-aside","hentry","category-projekty","tag-klub","tag-pogadanki-i-spotkania","post_format-post-format-aside"],"blocksy_meta":{"styles_descriptor":{"styles":{"desktop":"","tablet":"","mobile":""},"google_fonts":[],"version":6}},"brizy_media":[],"_links":{"self":[{"href":"https:\/\/fundacjawsparcie.eu\/index.php\/wp-json\/wp\/v2\/posts\/2414","targetHints":{"allow":["GET"]}}],"collection":[{"href":"https:\/\/fundacjawsparcie.eu\/index.php\/wp-json\/wp\/v2\/posts"}],"about":[{"href":"https:\/\/fundacjawsparcie.eu\/index.php\/wp-json\/wp\/v2\/types\/post"}],"author":[{"embeddable":true,"href":"https:\/\/fundacjawsparcie.eu\/index.php\/wp-json\/wp\/v2\/users\/1"}],"replies":[{"embeddable":true,"href":"https:\/\/fundacjawsparcie.eu\/index.php\/wp-json\/wp\/v2\/comments?post=2414"}],"version-history":[{"count":14,"href":"https:\/\/fundacjawsparcie.eu\/index.php\/wp-json\/wp\/v2\/posts\/2414\/revisions"}],"predecessor-version":[{"id":3419,"href":"https:\/\/fundacjawsparcie.eu\/index.php\/wp-json\/wp\/v2\/posts\/2414\/revisions\/3419"}],"wp:attachment":[{"href":"https:\/\/fundacjawsparcie.eu\/index.php\/wp-json\/wp\/v2\/media?parent=2414"}],"wp:term":[{"taxonomy":"category","embeddable":true,"href":"https:\/\/fundacjawsparcie.eu\/index.php\/wp-json\/wp\/v2\/categories?post=2414"},{"taxonomy":"post_tag","embeddable":true,"href":"https:\/\/fundacjawsparcie.eu\/index.php\/wp-json\/wp\/v2\/tags?post=2414"}],"curies":[{"name":"wp","href":"https:\/\/api.w.org\/{rel}","templated":true}]}}