{"id":2380,"date":"2017-06-13T21:10:30","date_gmt":"2017-06-13T19:10:30","guid":{"rendered":"http:\/\/fundacjawsparcie.eu\/?p=2380"},"modified":"2017-12-20T23:08:15","modified_gmt":"2017-12-20T22:08:15","slug":"apteczka-zielarza","status":"publish","type":"post","link":"https:\/\/fundacjawsparcie.eu\/index.php\/2017\/06\/13\/apteczka-zielarza\/","title":{"rendered":"Apteczka Zielarza"},"content":{"rendered":"<h4 style=\"text-align: justify;\"><a href=\"https:\/\/fundacjawsparcie.eu\/wp-content\/uploads\/2017\/06\/19141565_1363422837097941_1286596582_n-COLLAGE.jpg\"><img loading=\"lazy\" decoding=\"async\" class=\" wp-image-2381 alignleft\" src=\"https:\/\/fundacjawsparcie.eu\/wp-content\/uploads\/2017\/06\/19141565_1363422837097941_1286596582_n-COLLAGE.jpg\" alt=\"\" width=\"241\" height=\"241\" srcset=\"https:\/\/fundacjawsparcie.eu\/wp-content\/uploads\/2017\/06\/19141565_1363422837097941_1286596582_n-COLLAGE.jpg 589w, https:\/\/fundacjawsparcie.eu\/wp-content\/uploads\/2017\/06\/19141565_1363422837097941_1286596582_n-COLLAGE-150x150.jpg 150w, https:\/\/fundacjawsparcie.eu\/wp-content\/uploads\/2017\/06\/19141565_1363422837097941_1286596582_n-COLLAGE-300x300.jpg 300w\" sizes=\"auto, (max-width: 241px) 100vw, 241px\" \/><\/a><span style=\"font-family: arial, helvetica, sans-serif;\"><span style=\"color: #003366;\">13 czerwiec 2017 r.<strong><span style=\"color: #800000;\"> &#8222;Apteczka zielarza&#8221;\u00a0<\/span><\/strong><\/span><span style=\"color: #003366;\">Co warto mie\u0107 w swojej apteczce zamiast lek\u00f3w. Czym zast\u0105pimy \u015brodki p\/b\u00f3lowe lub leki na przezi\u0119bienie. O tym mi\u0119dzy innymi dowiedzieli\u015bmy si\u0119 w czasie spotkania z dyplomowanym znawc\u0105 zi\u00f3\u0142 p. Hann\u0105 Siemia\u0144czuk.\u00a0<\/span><\/span><\/h4>\n","protected":false},"excerpt":{"rendered":"<p>13 czerwiec 2017 r. &#8222;Apteczka zielarza&#8221;\u00a0Co warto mie\u0107 w swojej apteczce zamiast lek\u00f3w. Czym zast\u0105pimy \u015brodki p\/b\u00f3lowe lub leki na przezi\u0119bienie. O tym mi\u0119dzy innymi dowiedzieli\u015bmy si\u0119 w czasie spotkania z dyplomowanym znawc\u0105 zi\u00f3\u0142 p. Hann\u0105 Siemia\u0144czuk.\u00a0<\/p>\n","protected":false},"author":1,"featured_media":0,"comment_status":"open","ping_status":"closed","sticky":false,"template":"","format":"aside","meta":{"footnotes":""},"categories":[3],"tags":[16,34,17],"class_list":["post-2380","post","type-post","status-publish","format-aside","hentry","category-projekty","tag-klub","tag-pogadanki-i-spotkania","tag-w-zgodzie-z-natura","post_format-post-format-aside"],"blocksy_meta":{"styles_descriptor":{"styles":{"desktop":"","tablet":"","mobile":""},"google_fonts":[],"version":6}},"brizy_media":[],"_links":{"self":[{"href":"https:\/\/fundacjawsparcie.eu\/index.php\/wp-json\/wp\/v2\/posts\/2380","targetHints":{"allow":["GET"]}}],"collection":[{"href":"https:\/\/fundacjawsparcie.eu\/index.php\/wp-json\/wp\/v2\/posts"}],"about":[{"href":"https:\/\/fundacjawsparcie.eu\/index.php\/wp-json\/wp\/v2\/types\/post"}],"author":[{"embeddable":true,"href":"https:\/\/fundacjawsparcie.eu\/index.php\/wp-json\/wp\/v2\/users\/1"}],"replies":[{"embeddable":true,"href":"https:\/\/fundacjawsparcie.eu\/index.php\/wp-json\/wp\/v2\/comments?post=2380"}],"version-history":[{"count":15,"href":"https:\/\/fundacjawsparcie.eu\/index.php\/wp-json\/wp\/v2\/posts\/2380\/revisions"}],"predecessor-version":[{"id":3343,"href":"https:\/\/fundacjawsparcie.eu\/index.php\/wp-json\/wp\/v2\/posts\/2380\/revisions\/3343"}],"wp:attachment":[{"href":"https:\/\/fundacjawsparcie.eu\/index.php\/wp-json\/wp\/v2\/media?parent=2380"}],"wp:term":[{"taxonomy":"category","embeddable":true,"href":"https:\/\/fundacjawsparcie.eu\/index.php\/wp-json\/wp\/v2\/categories?post=2380"},{"taxonomy":"post_tag","embeddable":true,"href":"https:\/\/fundacjawsparcie.eu\/index.php\/wp-json\/wp\/v2\/tags?post=2380"}],"curies":[{"name":"wp","href":"https:\/\/api.w.org\/{rel}","templated":true}]}}