{"id":2104,"date":"2017-05-10T11:17:58","date_gmt":"2017-05-10T09:17:58","guid":{"rendered":"http:\/\/fundacjawsparcie.eu\/?p=2104"},"modified":"2017-12-31T16:22:23","modified_gmt":"2017-12-31T15:22:23","slug":"elementarz-zielarza","status":"publish","type":"post","link":"https:\/\/fundacjawsparcie.eu\/index.php\/2017\/05\/10\/elementarz-zielarza\/","title":{"rendered":"Elementarz Zielarza"},"content":{"rendered":"<h4 style=\"text-align: justify;\"><span style=\"color: #800000;\"><a href=\"https:\/\/fundacjawsparcie.eu\/wp-content\/uploads\/2017\/05\/Elementarz-slajdy.jpg\"><img loading=\"lazy\" decoding=\"async\" class=\" wp-image-2105 alignleft\" src=\"https:\/\/fundacjawsparcie.eu\/wp-content\/uploads\/2017\/05\/Elementarz-slajdy-300x168.jpg\" alt=\"\" width=\"309\" height=\"173\" srcset=\"https:\/\/fundacjawsparcie.eu\/wp-content\/uploads\/2017\/05\/Elementarz-slajdy-300x168.jpg 300w, https:\/\/fundacjawsparcie.eu\/wp-content\/uploads\/2017\/05\/Elementarz-slajdy-768x431.jpg 768w, https:\/\/fundacjawsparcie.eu\/wp-content\/uploads\/2017\/05\/Elementarz-slajdy.jpg 960w\" sizes=\"auto, (max-width: 309px) 100vw, 309px\" \/><\/a><span style=\"font-family: arial, helvetica, sans-serif;\"><strong>&#8222;Elementarz zielarza&#8221;<\/strong><\/span><\/span><span style=\"color: #003366; font-family: arial, helvetica, sans-serif;\"> to spotkanie w ramach projektu &#8222;W zgodzie z natur\u0105&#8221;. \u00a0W dniu 9 maja odby\u0142o si\u0119 w Klubie Mi\u0119dzypokoleniowym Fundacji Wsparcie spotkanie \u00a0z zielarka p. Hann\u0105 Siemia\u0144czuk. <\/span><br \/>\n<!--more--><\/h4>\n<h4 style=\"text-align: justify;\"><span style=\"color: #003366; font-family: arial, helvetica, sans-serif;\">W czasie spotkania dowiedzieli\u015bmy si\u0119 jak przetwarza\u0107 zio\u0142a aby\u015bmy mogli wykorzystywa\u0107 wszystkie ich w\u0142a\u015bciwo\u015bci. Pani Hanna Siemia\u0144czuk dyplomowany znawca zi\u00f3\u0142 w bardzo przyst\u0119pny spos\u00f3b przedstawi\u0142a nam jak mi\u0119dzy innymi zrobi\u0107 macerat, co to napar a co to odwar i jak suszy\u0107. Bardzo wa\u017cne jest r\u00f3wnie\u017c przechowywanie zi\u00f3\u0142 w odpowiednich pojemnikach, opisywanie i pilnowanie daty przydatno\u015bci do spo\u017cycia.\u00a0<\/span><\/h4>\n<p><a href=\"https:\/\/fundacjawsparcie.eu\/wp-content\/uploads\/2017\/05\/co-zbiera\u0107-slajd.jpg\"><img loading=\"lazy\" decoding=\"async\" class=\"wp-image-2113 alignnone\" src=\"https:\/\/fundacjawsparcie.eu\/wp-content\/uploads\/2017\/05\/co-zbiera\u0107-slajd-300x169.jpg\" alt=\"\" width=\"494\" height=\"278\" srcset=\"https:\/\/fundacjawsparcie.eu\/wp-content\/uploads\/2017\/05\/co-zbiera\u0107-slajd-300x169.jpg 300w, https:\/\/fundacjawsparcie.eu\/wp-content\/uploads\/2017\/05\/co-zbiera\u0107-slajd-768x432.jpg 768w, https:\/\/fundacjawsparcie.eu\/wp-content\/uploads\/2017\/05\/co-zbiera\u0107-slajd.jpg 960w\" sizes=\"auto, (max-width: 494px) 100vw, 494px\" \/><\/a><a href=\"https:\/\/fundacjawsparcie.eu\/wp-content\/uploads\/2017\/05\/ca\u0142o\u015b\u0107.jpg\"><img loading=\"lazy\" decoding=\"async\" class=\" wp-image-2114 alignnone\" src=\"https:\/\/fundacjawsparcie.eu\/wp-content\/uploads\/2017\/05\/ca\u0142o\u015b\u0107-300x169.jpg\" alt=\"\" width=\"493\" height=\"278\" srcset=\"https:\/\/fundacjawsparcie.eu\/wp-content\/uploads\/2017\/05\/ca\u0142o\u015b\u0107-300x169.jpg 300w, https:\/\/fundacjawsparcie.eu\/wp-content\/uploads\/2017\/05\/ca\u0142o\u015b\u0107-768x432.jpg 768w, https:\/\/fundacjawsparcie.eu\/wp-content\/uploads\/2017\/05\/ca\u0142o\u015b\u0107.jpg 960w\" sizes=\"auto, (max-width: 493px) 100vw, 493px\" \/><\/a><\/p>\n","protected":false},"excerpt":{"rendered":"<p>&#8222;Elementarz zielarza&#8221; to spotkanie w ramach projektu &#8222;W zgodzie z natur\u0105&#8221;. \u00a0W dniu 9 maja odby\u0142o si\u0119 w Klubie Mi\u0119dzypokoleniowym Fundacji Wsparcie spotkanie \u00a0z zielarka p. Hann\u0105 Siemia\u0144czuk.<\/p>\n","protected":false},"author":1,"featured_media":0,"comment_status":"open","ping_status":"closed","sticky":false,"template":"","format":"aside","meta":{"footnotes":""},"categories":[3],"tags":[16,34,17],"class_list":["post-2104","post","type-post","status-publish","format-aside","hentry","category-projekty","tag-klub","tag-pogadanki-i-spotkania","tag-w-zgodzie-z-natura","post_format-post-format-aside"],"blocksy_meta":{"styles_descriptor":{"styles":{"desktop":"","tablet":"","mobile":""},"google_fonts":[],"version":6}},"brizy_media":[],"_links":{"self":[{"href":"https:\/\/fundacjawsparcie.eu\/index.php\/wp-json\/wp\/v2\/posts\/2104","targetHints":{"allow":["GET"]}}],"collection":[{"href":"https:\/\/fundacjawsparcie.eu\/index.php\/wp-json\/wp\/v2\/posts"}],"about":[{"href":"https:\/\/fundacjawsparcie.eu\/index.php\/wp-json\/wp\/v2\/types\/post"}],"author":[{"embeddable":true,"href":"https:\/\/fundacjawsparcie.eu\/index.php\/wp-json\/wp\/v2\/users\/1"}],"replies":[{"embeddable":true,"href":"https:\/\/fundacjawsparcie.eu\/index.php\/wp-json\/wp\/v2\/comments?post=2104"}],"version-history":[{"count":22,"href":"https:\/\/fundacjawsparcie.eu\/index.php\/wp-json\/wp\/v2\/posts\/2104\/revisions"}],"predecessor-version":[{"id":3353,"href":"https:\/\/fundacjawsparcie.eu\/index.php\/wp-json\/wp\/v2\/posts\/2104\/revisions\/3353"}],"wp:attachment":[{"href":"https:\/\/fundacjawsparcie.eu\/index.php\/wp-json\/wp\/v2\/media?parent=2104"}],"wp:term":[{"taxonomy":"category","embeddable":true,"href":"https:\/\/fundacjawsparcie.eu\/index.php\/wp-json\/wp\/v2\/categories?post=2104"},{"taxonomy":"post_tag","embeddable":true,"href":"https:\/\/fundacjawsparcie.eu\/index.php\/wp-json\/wp\/v2\/tags?post=2104"}],"curies":[{"name":"wp","href":"https:\/\/api.w.org\/{rel}","templated":true}]}}