{"id":187,"date":"2015-11-21T18:19:34","date_gmt":"2015-11-21T17:19:34","guid":{"rendered":"http:\/\/fundacjawsparcie.eu\/?p=187"},"modified":"2017-12-15T16:48:37","modified_gmt":"2017-12-15T15:48:37","slug":"zakonczenie-szkolenia","status":"publish","type":"post","link":"https:\/\/fundacjawsparcie.eu\/index.php\/2015\/11\/21\/zakonczenie-szkolenia\/","title":{"rendered":"Zako\u0144czenie szkolenia"},"content":{"rendered":"<h4 style=\"text-align: left;\"><span style=\"line-height: 115%; font-family: arial, helvetica, sans-serif; font-size: 12pt; color: #003366;\">W dniu dzisiejszym, tj. 21 listopada odby\u0142o si\u0119 uroczyste <span style=\"color: #800000;\">zako\u0144czenie cyklu szkole\u0144 Przystanek Alzheimer.<\/span> Uczestnicy otrzymali <a href=\"https:\/\/fundacjawsparcie.eu\/index.php\/2015\/10\/08\/punkt-konsultacyjno-informacyjny-dla-opiekunow-i-rodzin-osob-chorych-na-alzheimera\/\">certyfikaty<\/a>\u00a0potwierdzaj\u0105ce zdobyt\u0105 wiedz\u0119 w zakresie budowania grup samopomocy dla senior\u00f3w, w tym grup wsparcia dla os\u00f3b chorych na chorob\u0119 Alzheimera i inne zespo\u0142y ot\u0119pienne.<\/span><\/h4>\n","protected":false},"excerpt":{"rendered":"<p>W dniu dzisiejszym, tj. 21 listopada odby\u0142o si\u0119 uroczyste zako\u0144czenie cyklu szkole\u0144 Przystanek Alzheimer. Uczestnicy otrzymali certyfikaty\u00a0potwierdzaj\u0105ce zdobyt\u0105 wiedz\u0119 w zakresie budowania grup samopomocy dla senior\u00f3w, w tym grup wsparcia dla os\u00f3b chorych na chorob\u0119 Alzheimera i inne zespo\u0142y ot\u0119pienne.<\/p>\n","protected":false},"author":1,"featured_media":0,"comment_status":"open","ping_status":"closed","sticky":false,"template":"","format":"aside","meta":{"footnotes":""},"categories":[3],"tags":[28],"class_list":["post-187","post","type-post","status-publish","format-aside","hentry","category-projekty","tag-pik","post_format-post-format-aside"],"blocksy_meta":{"styles_descriptor":{"styles":{"desktop":"","tablet":"","mobile":""},"google_fonts":[],"version":6}},"brizy_media":[],"_links":{"self":[{"href":"https:\/\/fundacjawsparcie.eu\/index.php\/wp-json\/wp\/v2\/posts\/187","targetHints":{"allow":["GET"]}}],"collection":[{"href":"https:\/\/fundacjawsparcie.eu\/index.php\/wp-json\/wp\/v2\/posts"}],"about":[{"href":"https:\/\/fundacjawsparcie.eu\/index.php\/wp-json\/wp\/v2\/types\/post"}],"author":[{"embeddable":true,"href":"https:\/\/fundacjawsparcie.eu\/index.php\/wp-json\/wp\/v2\/users\/1"}],"replies":[{"embeddable":true,"href":"https:\/\/fundacjawsparcie.eu\/index.php\/wp-json\/wp\/v2\/comments?post=187"}],"version-history":[{"count":4,"href":"https:\/\/fundacjawsparcie.eu\/index.php\/wp-json\/wp\/v2\/posts\/187\/revisions"}],"predecessor-version":[{"id":3091,"href":"https:\/\/fundacjawsparcie.eu\/index.php\/wp-json\/wp\/v2\/posts\/187\/revisions\/3091"}],"wp:attachment":[{"href":"https:\/\/fundacjawsparcie.eu\/index.php\/wp-json\/wp\/v2\/media?parent=187"}],"wp:term":[{"taxonomy":"category","embeddable":true,"href":"https:\/\/fundacjawsparcie.eu\/index.php\/wp-json\/wp\/v2\/categories?post=187"},{"taxonomy":"post_tag","embeddable":true,"href":"https:\/\/fundacjawsparcie.eu\/index.php\/wp-json\/wp\/v2\/tags?post=187"}],"curies":[{"name":"wp","href":"https:\/\/api.w.org\/{rel}","templated":true}]}}