{"id":161,"date":"2015-11-20T22:13:28","date_gmt":"2015-11-20T21:13:28","guid":{"rendered":"http:\/\/fundacjawsparcie.eu\/?p=161"},"modified":"2017-12-31T21:45:10","modified_gmt":"2017-12-31T20:45:10","slug":"odwiedziny-we-wsi-sadoles","status":"publish","type":"post","link":"https:\/\/fundacjawsparcie.eu\/index.php\/2015\/11\/20\/odwiedziny-we-wsi-sadoles\/","title":{"rendered":"Odwiedziny we wsi Sadole\u015b"},"content":{"rendered":"<h4 style=\"text-align: justify;\"><span style=\"line-height: 115%; font-family: arial, helvetica, sans-serif; font-size: 12pt; color: #003366;\">W otulinie Nadbu\u017ca\u0144skiego Parku Krajobrazowego, w\u00a0urokliwej wsi <a href=\"http:\/\/mapy.eholiday.pl\/mapa-sadoles-sadowne-wegrow.html\" target=\"_blank\" rel=\"noopener\">Sadole\u015b<\/a>\u00a0jedynie 75 km od Warszawy stoi Dom Opieki <a href=\"http:\/\/itamed.pl\/\" target=\"_blank\" rel=\"noopener\">Itamed.<\/a> Dom ten prowadzi p. Edyta D\u0105browska, przesympatyczna osoba pe\u0142na wiary w ludzi i ch\u0119ci niesienia pomocy innym. Jej marzeniem jest, aby wszyscy czuli si\u0119 tu jak u siebie w domu. Ju\u017c przy wej\u015bciu powita\u0142 nas zapach czysto\u015bci i pieczonego ciasta. W\u0142a\u015bcicielka oprowadzi\u0142a nas po terenie. Wsz\u0119dzie czy\u015bciutko, zadbano o wszystkie wygody zwi\u0105zane z problemami wieku senioralnego. Mieszka\u0144cy domu zaj\u0119ci w \u015bwietlicy na zorganizowanych zaj\u0119ciach. Bardzo dobrze wyra\u017cali si\u0119 na temat personelu i w\u0142a\u015bcicielki. Dom posiada bardzo dobry sprz\u0119t rehabilitacyjny i rehabilitant\u00f3w.<a href=\"http:\/\/itamed.pl\/\" target=\"_blank\" rel=\"noopener\"> Itamed<\/a> funkcjonuje od marca 2015r, i cho\u0107 jego \u015bwie\u017co\u015b\u0107 sprawia wra\u017cenie pewnej sztywno\u015bci, mo\u017cemy zar\u0119czy\u0107 \u017ce personel prze\u0142amuje te odczucia. \u00a0Wierzymy, \u017ce dom i klimat tworz\u0105 ludzie i ich \u017cycie. Z czasem jak b\u0119dzie przybywa\u0107 domownik\u00f3w, ten dom b\u0119dzie tworzy\u0107 histori\u0119. \u00a0My mo\u017cemy powiedzie\u0107 o swoich pozytywnych odczuciach i poleci\u0107 wszystkim ten Dom. Polecamy tak\u017ce z pe\u0142n\u0105 odpowiedzialno\u015bci\u0105 turnusy rehabilitacyjne, dla os\u00f3b po udarach ipt. Wi\u0119cej na stronie: <a href=\"http:\/\/itamed.pl\/\" target=\"_blank\" rel=\"noopener\">\u00a0www.itamed.pl<\/a><\/span><!--more--><\/h4>\n<h4><span style=\"color: #333399;\"><span style=\"font-family: arial, helvetica, sans-serif; color: #003366;\"><a href=\"https:\/\/fundacjawsparcie.eu\/wp-content\/uploads\/2015\/11\/MJM_6873.jpg\"><img loading=\"lazy\" decoding=\"async\" class=\"alignnone wp-image-165\" src=\"https:\/\/fundacjawsparcie.eu\/wp-content\/uploads\/2015\/11\/MJM_6873-199x300.jpg\" alt=\"MJM_6873\" width=\"224\" height=\"338\" srcset=\"https:\/\/fundacjawsparcie.eu\/wp-content\/uploads\/2015\/11\/MJM_6873-199x300.jpg 199w, https:\/\/fundacjawsparcie.eu\/wp-content\/uploads\/2015\/11\/MJM_6873.jpg 636w\" sizes=\"auto, (max-width: 224px) 100vw, 224px\" \/><\/a><\/span><a href=\"https:\/\/fundacjawsparcie.eu\/wp-content\/uploads\/2015\/11\/MJM_6850.jpg\"><img loading=\"lazy\" decoding=\"async\" class=\"alignnone wp-image-164\" src=\"https:\/\/fundacjawsparcie.eu\/wp-content\/uploads\/2015\/11\/MJM_6850-300x199.jpg\" alt=\"MJM_6850\" width=\"327\" height=\"217\" srcset=\"https:\/\/fundacjawsparcie.eu\/wp-content\/uploads\/2015\/11\/MJM_6850-300x199.jpg 300w, https:\/\/fundacjawsparcie.eu\/wp-content\/uploads\/2015\/11\/MJM_6850-1024x678.jpg 1024w, https:\/\/fundacjawsparcie.eu\/wp-content\/uploads\/2015\/11\/MJM_6850-272x182.jpg 272w, https:\/\/fundacjawsparcie.eu\/wp-content\/uploads\/2015\/11\/MJM_6850.jpg 1449w\" sizes=\"auto, (max-width: 327px) 100vw, 327px\" \/><\/a><a href=\"https:\/\/fundacjawsparcie.eu\/wp-content\/uploads\/2015\/11\/MJM_6875.jpg\"><img loading=\"lazy\" decoding=\"async\" class=\"alignnone wp-image-162\" src=\"https:\/\/fundacjawsparcie.eu\/wp-content\/uploads\/2015\/11\/MJM_6875-199x300.jpg\" alt=\"MJM_6875\" width=\"235\" height=\"355\" srcset=\"https:\/\/fundacjawsparcie.eu\/wp-content\/uploads\/2015\/11\/MJM_6875-199x300.jpg 199w, https:\/\/fundacjawsparcie.eu\/wp-content\/uploads\/2015\/11\/MJM_6875.jpg 636w\" sizes=\"auto, (max-width: 235px) 100vw, 235px\" \/><\/a><\/span><\/h4>\n<p style=\"text-align: right;\"><a href=\"https:\/\/fundacjawsparcie.eu\/wp-content\/uploads\/2015\/11\/P1020780.jpg\"><img loading=\"lazy\" decoding=\"async\" class=\"wp-image-166 alignleft\" src=\"https:\/\/fundacjawsparcie.eu\/wp-content\/uploads\/2015\/11\/P1020780-300x225.jpg\" alt=\"P1020780\" width=\"358\" height=\"269\" srcset=\"https:\/\/fundacjawsparcie.eu\/wp-content\/uploads\/2015\/11\/P1020780-300x225.jpg 300w, https:\/\/fundacjawsparcie.eu\/wp-content\/uploads\/2015\/11\/P1020780-1024x768.jpg 1024w\" sizes=\"auto, (max-width: 358px) 100vw, 358px\" \/><\/a><a href=\"https:\/\/fundacjawsparcie.eu\/wp-content\/uploads\/2015\/11\/IMG_2597.jpg\"><img loading=\"lazy\" decoding=\"async\" class=\"wp-image-167 alignleft\" src=\"https:\/\/fundacjawsparcie.eu\/wp-content\/uploads\/2015\/11\/IMG_2597-300x225.jpg\" alt=\"IMG_2597\" width=\"361\" height=\"271\" srcset=\"https:\/\/fundacjawsparcie.eu\/wp-content\/uploads\/2015\/11\/IMG_2597-300x225.jpg 300w, https:\/\/fundacjawsparcie.eu\/wp-content\/uploads\/2015\/11\/IMG_2597.jpg 640w\" sizes=\"auto, (max-width: 361px) 100vw, 361px\" \/><\/a><a href=\"https:\/\/fundacjawsparcie.eu\/wp-content\/uploads\/2015\/11\/IMG_2603.jpg\"><img loading=\"lazy\" decoding=\"async\" class=\" wp-image-163 aligncenter\" src=\"https:\/\/fundacjawsparcie.eu\/wp-content\/uploads\/2015\/11\/IMG_2603-300x225.jpg\" alt=\"IMG_2603\" width=\"345\" height=\"259\" srcset=\"https:\/\/fundacjawsparcie.eu\/wp-content\/uploads\/2015\/11\/IMG_2603-300x225.jpg 300w, https:\/\/fundacjawsparcie.eu\/wp-content\/uploads\/2015\/11\/IMG_2603.jpg 640w\" sizes=\"auto, (max-width: 345px) 100vw, 345px\" \/><br \/>\n<\/a><\/p>\n","protected":false},"excerpt":{"rendered":"<p>W otulinie Nadbu\u017ca\u0144skiego Parku Krajobrazowego, w\u00a0urokliwej wsi Sadole\u015b\u00a0jedynie 75 km od Warszawy stoi Dom Opieki Itamed. Dom ten prowadzi p. Edyta D\u0105browska, przesympatyczna osoba pe\u0142na wiary w ludzi i ch\u0119ci niesienia pomocy innym. Jej marzeniem jest, aby wszyscy czuli si\u0119 tu jak u siebie w domu. Ju\u017c przy wej\u015bciu powita\u0142 nas zapach czysto\u015bci i pieczonego [&hellip;]<\/p>\n","protected":false},"author":1,"featured_media":0,"comment_status":"open","ping_status":"closed","sticky":false,"template":"","format":"aside","meta":{"footnotes":""},"categories":[3],"tags":[28],"class_list":["post-161","post","type-post","status-publish","format-aside","hentry","category-projekty","tag-pik","post_format-post-format-aside"],"blocksy_meta":{"styles_descriptor":{"styles":{"desktop":"","tablet":"","mobile":""},"google_fonts":[],"version":6}},"brizy_media":[],"_links":{"self":[{"href":"https:\/\/fundacjawsparcie.eu\/index.php\/wp-json\/wp\/v2\/posts\/161","targetHints":{"allow":["GET"]}}],"collection":[{"href":"https:\/\/fundacjawsparcie.eu\/index.php\/wp-json\/wp\/v2\/posts"}],"about":[{"href":"https:\/\/fundacjawsparcie.eu\/index.php\/wp-json\/wp\/v2\/types\/post"}],"author":[{"embeddable":true,"href":"https:\/\/fundacjawsparcie.eu\/index.php\/wp-json\/wp\/v2\/users\/1"}],"replies":[{"embeddable":true,"href":"https:\/\/fundacjawsparcie.eu\/index.php\/wp-json\/wp\/v2\/comments?post=161"}],"version-history":[{"count":12,"href":"https:\/\/fundacjawsparcie.eu\/index.php\/wp-json\/wp\/v2\/posts\/161\/revisions"}],"predecessor-version":[{"id":3526,"href":"https:\/\/fundacjawsparcie.eu\/index.php\/wp-json\/wp\/v2\/posts\/161\/revisions\/3526"}],"wp:attachment":[{"href":"https:\/\/fundacjawsparcie.eu\/index.php\/wp-json\/wp\/v2\/media?parent=161"}],"wp:term":[{"taxonomy":"category","embeddable":true,"href":"https:\/\/fundacjawsparcie.eu\/index.php\/wp-json\/wp\/v2\/categories?post=161"},{"taxonomy":"post_tag","embeddable":true,"href":"https:\/\/fundacjawsparcie.eu\/index.php\/wp-json\/wp\/v2\/tags?post=161"}],"curies":[{"name":"wp","href":"https:\/\/api.w.org\/{rel}","templated":true}]}}