{"id":1138,"date":"2016-12-12T13:32:23","date_gmt":"2016-12-12T12:32:23","guid":{"rendered":"http:\/\/fundacjawsparcie.eu\/?p=1138"},"modified":"2017-12-31T17:34:13","modified_gmt":"2017-12-31T16:34:13","slug":"wspolne-dzialanie-fundacji-wsparcie-i-fundacji-sedeka","status":"publish","type":"post","link":"https:\/\/fundacjawsparcie.eu\/index.php\/2016\/12\/12\/wspolne-dzialanie-fundacji-wsparcie-i-fundacji-sedeka\/","title":{"rendered":"Wsp\u00f3lne dzia\u0142anie Fundacji Wsparcie i Fundacji Sedeka"},"content":{"rendered":"<h4 style=\"text-align: justify;\"><img loading=\"lazy\" decoding=\"async\" class=\"wp-image-1139 alignleft\" src=\"https:\/\/fundacjawsparcie.eu\/wp-content\/uploads\/2016\/12\/joga-\u015bmiechu.jpg\" alt=\"joga-smiechu\" width=\"245\" height=\"347\" srcset=\"https:\/\/fundacjawsparcie.eu\/wp-content\/uploads\/2016\/12\/joga-\u015bmiechu.jpg 842w, https:\/\/fundacjawsparcie.eu\/wp-content\/uploads\/2016\/12\/joga-\u015bmiechu-212x300.jpg 212w, https:\/\/fundacjawsparcie.eu\/wp-content\/uploads\/2016\/12\/joga-\u015bmiechu-768x1086.jpg 768w, https:\/\/fundacjawsparcie.eu\/wp-content\/uploads\/2016\/12\/joga-\u015bmiechu-724x1024.jpg 724w\" sizes=\"auto, (max-width: 245px) 100vw, 245px\" \/><span style=\"font-family: arial, helvetica, sans-serif;\"><span style=\"color: #008000;\"><strong><span style=\"color: #993300;\">Zaj\u0119cia jogi \u015bmiechu<\/span> <\/strong><span style=\"color: #003366;\">poprowadzi\u00a0<a href=\"https:\/\/www.facebook.com\/jogasmiejsiezpasja\/?fref=ts\">Karin Lesiak<\/a> <\/span><\/span><span style=\"color: #003366;\">&#8211; liderka jogi \u015bmiechu i pasjonatka holistycznego podej\u015bcia do zdrowego stylu \u017cycia. Karin prowadzi zaj\u0119cia w klubach \u015bmiechu, a tak\u017ce w parkach, centrach rozwoju, w szko\u0142ach, w szpitalach i o\u015brodkach terapeutycznych.\u00a0<\/span><\/span><\/h4>\n<h4 style=\"text-align: justify; padding-left: 30px;\"><span style=\"color: #003366;\">\u00a0<\/span><\/h4>\n","protected":false},"excerpt":{"rendered":"<p>Zaj\u0119cia jogi \u015bmiechu poprowadzi\u00a0Karin Lesiak &#8211; liderka jogi \u015bmiechu i pasjonatka holistycznego podej\u015bcia do zdrowego stylu \u017cycia. Karin prowadzi zaj\u0119cia w klubach \u015bmiechu, a tak\u017ce w parkach, centrach rozwoju, w szko\u0142ach, w szpitalach i o\u015brodkach terapeutycznych.\u00a0 \u00a0<\/p>\n","protected":false},"author":1,"featured_media":0,"comment_status":"open","ping_status":"closed","sticky":false,"template":"","format":"aside","meta":{"footnotes":""},"categories":[3],"tags":[29,34],"class_list":["post-1138","post","type-post","status-publish","format-aside","hentry","category-projekty","tag-nie-jestes-sam","tag-pogadanki-i-spotkania","post_format-post-format-aside"],"blocksy_meta":{"styles_descriptor":{"styles":{"desktop":"","tablet":"","mobile":""},"google_fonts":[],"version":6}},"brizy_media":[],"_links":{"self":[{"href":"https:\/\/fundacjawsparcie.eu\/index.php\/wp-json\/wp\/v2\/posts\/1138","targetHints":{"allow":["GET"]}}],"collection":[{"href":"https:\/\/fundacjawsparcie.eu\/index.php\/wp-json\/wp\/v2\/posts"}],"about":[{"href":"https:\/\/fundacjawsparcie.eu\/index.php\/wp-json\/wp\/v2\/types\/post"}],"author":[{"embeddable":true,"href":"https:\/\/fundacjawsparcie.eu\/index.php\/wp-json\/wp\/v2\/users\/1"}],"replies":[{"embeddable":true,"href":"https:\/\/fundacjawsparcie.eu\/index.php\/wp-json\/wp\/v2\/comments?post=1138"}],"version-history":[{"count":8,"href":"https:\/\/fundacjawsparcie.eu\/index.php\/wp-json\/wp\/v2\/posts\/1138\/revisions"}],"predecessor-version":[{"id":3441,"href":"https:\/\/fundacjawsparcie.eu\/index.php\/wp-json\/wp\/v2\/posts\/1138\/revisions\/3441"}],"wp:attachment":[{"href":"https:\/\/fundacjawsparcie.eu\/index.php\/wp-json\/wp\/v2\/media?parent=1138"}],"wp:term":[{"taxonomy":"category","embeddable":true,"href":"https:\/\/fundacjawsparcie.eu\/index.php\/wp-json\/wp\/v2\/categories?post=1138"},{"taxonomy":"post_tag","embeddable":true,"href":"https:\/\/fundacjawsparcie.eu\/index.php\/wp-json\/wp\/v2\/tags?post=1138"}],"curies":[{"name":"wp","href":"https:\/\/api.w.org\/{rel}","templated":true}]}}